{"id":25014,"date":"2023-12-21T11:06:44","date_gmt":"2023-12-21T10:06:44","guid":{"rendered":"https:\/\/www.siemck.pl\/?p=25014"},"modified":"2023-12-21T11:11:18","modified_gmt":"2023-12-21T10:11:18","slug":"przerwa-swiateczna-w-kasie-biletowej-sck","status":"publish","type":"post","link":"https:\/\/www.siemck.pl\/przerwa-swiateczna-w-kasie-biletowej-sck\/","title":{"rendered":"Przerwa \u015bwi\u0105teczna w kasie biletowej SCK"},"content":{"rendered":"<p>Informujemy, \u017ce w dniach 22.12.2023 &#8211; 2.01.2024 kasa biletowa b\u0119dzie nieczynna.<\/p>\n<p>Bilety mo\u017cna naby\u0107 online na stronie <a href=\"http:\/\/bilety.siemck.pl\">bilety.siemck.pl<\/a><\/p>\n","protected":false},"excerpt":{"rendered":"<p>Informujemy, \u017ce w dniach 22.12.2023 &#8211; 2.01.2024 kasa biletowa b\u0119dzie nieczynna. Bilety mo\u017cna naby\u0107 online na stronie bilety.siemck.pl<\/p>\n","protected":false},"author":12,"featured_media":23865,"comment_status":"closed","ping_status":"open","sticky":false,"template":"","format":"standard","meta":[],"categories":[1],"tags":[],"_links":{"self":[{"href":"https:\/\/www.siemck.pl\/wp-json\/wp\/v2\/posts\/25014"}],"collection":[{"href":"https:\/\/www.siemck.pl\/wp-json\/wp\/v2\/posts"}],"about":[{"href":"https:\/\/www.siemck.pl\/wp-json\/wp\/v2\/types\/post"}],"author":[{"embeddable":true,"href":"https:\/\/www.siemck.pl\/wp-json\/wp\/v2\/users\/12"}],"replies":[{"embeddable":true,"href":"https:\/\/www.siemck.pl\/wp-json\/wp\/v2\/comments?post=25014"}],"version-history":[{"count":1,"href":"https:\/\/www.siemck.pl\/wp-json\/wp\/v2\/posts\/25014\/revisions"}],"predecessor-version":[{"id":25015,"href":"https:\/\/www.siemck.pl\/wp-json\/wp\/v2\/posts\/25014\/revisions\/25015"}],"wp:featuredmedia":[{"embeddable":true,"href":"https:\/\/www.siemck.pl\/wp-json\/wp\/v2\/media\/23865"}],"wp:attachment":[{"href":"https:\/\/www.siemck.pl\/wp-json\/wp\/v2\/media?parent=25014"}],"wp:term":[{"taxonomy":"category","embeddable":true,"href":"https:\/\/www.siemck.pl\/wp-json\/wp\/v2\/categories?post=25014"},{"taxonomy":"post_tag","embeddable":true,"href":"https:\/\/www.siemck.pl\/wp-json\/wp\/v2\/tags?post=25014"}],"curies":[{"name":"wp","href":"https:\/\/api.w.org\/{rel}","templated":true}]}}