{"id":24656,"date":"2023-11-29T15:06:29","date_gmt":"2023-11-29T14:06:29","guid":{"rendered":"https:\/\/www.siemck.pl\/?p=24656"},"modified":"2023-11-29T15:19:58","modified_gmt":"2023-11-29T14:19:58","slug":"24656-2","status":"publish","type":"post","link":"https:\/\/www.siemck.pl\/24656-2\/","title":{"rendered":"Kasa biletowa SCK- Bytk\u00f3w w grudniu"},"content":{"rendered":"<p><strong>W grudniu sprzeda\u017c bilet\u00f3w w kasie SCK- Bytk\u00f3w odbywa\u0107 si\u0119 b\u0119dzie w nast\u0119puj\u0105cych godzinach: <\/strong><\/p>\n<p><strong>&#8211; poniedzia\u0142ek i wtorek \u00a0w godzinach 11.30-18.30<\/strong><\/p>\n<p><strong>&#8211; \u015broda w godzinach 9.30-14.30<\/strong><\/p>\n<p><strong>&#8211; \u00a0czwartek i pi\u0105tek w godzinach 9.30-16.30<\/strong><\/p>\n<p>&nbsp;<\/p>\n<p><strong><u>Dodatkowo:<\/u><\/strong><\/p>\n<p><strong>6.12 (\u015broda) w godzinach 12.00-19.00 \u2013 SPOTKANIE Z MIKO\u0141AJEM<\/strong><\/p>\n<p><strong>10.12 (niedziela ) w godzinach 17.00-20.00\u00a0 &#8211; koncert zespo\u0142u BACIARY <\/strong><\/p>\n<p><em><strong>W dniach: 22 \u2013 29.12- \u00a0kasa nieczynna<\/strong><\/em><\/p>\n<p><strong>\u00a0<\/strong><\/p>\n<p><strong>Bilety dost\u0119pne s\u0105 r\u00f3wnie\u017c on-line:\u00a0 <\/strong><a href=\"http:\/\/www.bilety.siemck.pl\/\"><strong>www.bilety.siemck.pl<\/strong><\/a><\/p>\n","protected":false},"excerpt":{"rendered":"<p>W grudniu sprzeda\u017c bilet\u00f3w w kasie SCK- Bytk\u00f3w odbywa\u0107 si\u0119 b\u0119dzie w nast\u0119puj\u0105cych godzinach: &#8211; poniedzia\u0142ek i wtorek \u00a0w godzinach 11.30-18.30 &#8211; \u015broda w godzinach 9.30-14.30 &#8211; \u00a0czwartek i pi\u0105tek w godzinach 9.30-16.30 &nbsp; Dodatkowo: 6.12 (\u015broda) w godzinach 12.00-19.00 \u2013 SPOTKANIE Z MIKO\u0141AJEM 10.12 (niedziela ) w godzinach 17.00-20.00\u00a0 &#8211; koncert zespo\u0142u BACIARY W [&hellip;]<\/p>\n","protected":false},"author":6,"featured_media":23865,"comment_status":"closed","ping_status":"open","sticky":false,"template":"","format":"standard","meta":[],"categories":[1],"tags":[],"_links":{"self":[{"href":"https:\/\/www.siemck.pl\/wp-json\/wp\/v2\/posts\/24656"}],"collection":[{"href":"https:\/\/www.siemck.pl\/wp-json\/wp\/v2\/posts"}],"about":[{"href":"https:\/\/www.siemck.pl\/wp-json\/wp\/v2\/types\/post"}],"author":[{"embeddable":true,"href":"https:\/\/www.siemck.pl\/wp-json\/wp\/v2\/users\/6"}],"replies":[{"embeddable":true,"href":"https:\/\/www.siemck.pl\/wp-json\/wp\/v2\/comments?post=24656"}],"version-history":[{"count":2,"href":"https:\/\/www.siemck.pl\/wp-json\/wp\/v2\/posts\/24656\/revisions"}],"predecessor-version":[{"id":24658,"href":"https:\/\/www.siemck.pl\/wp-json\/wp\/v2\/posts\/24656\/revisions\/24658"}],"wp:featuredmedia":[{"embeddable":true,"href":"https:\/\/www.siemck.pl\/wp-json\/wp\/v2\/media\/23865"}],"wp:attachment":[{"href":"https:\/\/www.siemck.pl\/wp-json\/wp\/v2\/media?parent=24656"}],"wp:term":[{"taxonomy":"category","embeddable":true,"href":"https:\/\/www.siemck.pl\/wp-json\/wp\/v2\/categories?post=24656"},{"taxonomy":"post_tag","embeddable":true,"href":"https:\/\/www.siemck.pl\/wp-json\/wp\/v2\/tags?post=24656"}],"curies":[{"name":"wp","href":"https:\/\/api.w.org\/{rel}","templated":true}]}}