{"id":23696,"date":"2023-08-22T13:18:14","date_gmt":"2023-08-22T11:18:14","guid":{"rendered":"https:\/\/www.siemck.pl\/?p=23696"},"modified":"2023-08-22T13:18:14","modified_gmt":"2023-08-22T11:18:14","slug":"juz-wkrotce-poznamy-terminy-spotkan-organizacyjnych-sekcji-sck","status":"publish","type":"post","link":"https:\/\/www.siemck.pl\/juz-wkrotce-poznamy-terminy-spotkan-organizacyjnych-sekcji-sck\/","title":{"rendered":"Ju\u017c wkr\u00f3tce poznamy terminy spotka\u0144 organizacyjnych sekcji SCK"},"content":{"rendered":"<p>Terminy spotka\u0144 organizacyjnych, na kt\u00f3rych otworzymy kolejny sezon zaj\u0119\u0107 sekcyjnych Siemianowickiego Centrum Kultury, podamy w ostatnim tygodniu sierpnia.<\/p>\n<p>&#x1f449;Na spotkaniach b\u0119dzie mo\u017cna uzyska\u0107 wszelkie informacje na temat zaj\u0119\u0107, zapisu oraz regulaminu. Na poszczeg\u00f3lne zaj\u0119cia nowi uczestnicy mog\u0105 dokona\u0107 zapisu po odbyciu si\u0119 spotkania danej sekcji.<\/p>\n<p>Wszelkie informacje uzyskaj\u0105 Pa\u0144stwo pod nr telefonu:<\/p>\n<p>&#x1f4de; zaj\u0119cia odbywaj\u0105ce si\u0119 w SCK Bytk\u00f3w: 32\/228 72 80 wew. 19<\/p>\n<p>&#x1f4de; zaj\u0119cia odbywaj\u0105ce si\u0119 w SCK Zameczek: 32\/204 11 27<\/p>\n","protected":false},"excerpt":{"rendered":"<p>Terminy spotka\u0144 organizacyjnych, na kt\u00f3rych otworzymy kolejny sezon zaj\u0119\u0107 sekcyjnych Siemianowickiego Centrum Kultury, podamy w ostatnim tygodniu sierpnia. &#x1f449;Na spotkaniach b\u0119dzie mo\u017cna uzyska\u0107 wszelkie informacje na temat zaj\u0119\u0107, zapisu oraz regulaminu. Na poszczeg\u00f3lne zaj\u0119cia nowi uczestnicy mog\u0105 dokona\u0107 zapisu po odbyciu si\u0119 spotkania danej sekcji. Wszelkie informacje uzyskaj\u0105 Pa\u0144stwo pod nr telefonu: &#x1f4de; zaj\u0119cia odbywaj\u0105ce [&hellip;]<\/p>\n","protected":false},"author":12,"featured_media":9787,"comment_status":"closed","ping_status":"open","sticky":false,"template":"","format":"standard","meta":[],"categories":[1,88],"tags":[],"_links":{"self":[{"href":"https:\/\/www.siemck.pl\/wp-json\/wp\/v2\/posts\/23696"}],"collection":[{"href":"https:\/\/www.siemck.pl\/wp-json\/wp\/v2\/posts"}],"about":[{"href":"https:\/\/www.siemck.pl\/wp-json\/wp\/v2\/types\/post"}],"author":[{"embeddable":true,"href":"https:\/\/www.siemck.pl\/wp-json\/wp\/v2\/users\/12"}],"replies":[{"embeddable":true,"href":"https:\/\/www.siemck.pl\/wp-json\/wp\/v2\/comments?post=23696"}],"version-history":[{"count":1,"href":"https:\/\/www.siemck.pl\/wp-json\/wp\/v2\/posts\/23696\/revisions"}],"predecessor-version":[{"id":23698,"href":"https:\/\/www.siemck.pl\/wp-json\/wp\/v2\/posts\/23696\/revisions\/23698"}],"wp:featuredmedia":[{"embeddable":true,"href":"https:\/\/www.siemck.pl\/wp-json\/wp\/v2\/media\/9787"}],"wp:attachment":[{"href":"https:\/\/www.siemck.pl\/wp-json\/wp\/v2\/media?parent=23696"}],"wp:term":[{"taxonomy":"category","embeddable":true,"href":"https:\/\/www.siemck.pl\/wp-json\/wp\/v2\/categories?post=23696"},{"taxonomy":"post_tag","embeddable":true,"href":"https:\/\/www.siemck.pl\/wp-json\/wp\/v2\/tags?post=23696"}],"curies":[{"name":"wp","href":"https:\/\/api.w.org\/{rel}","templated":true}]}}