{"id":23486,"date":"2023-06-29T13:23:34","date_gmt":"2023-06-29T11:23:34","guid":{"rendered":"https:\/\/www.siemck.pl\/?p=23486"},"modified":"2023-06-29T13:23:34","modified_gmt":"2023-06-29T11:23:34","slug":"wyniki-konkursu-wspol-kultura-vol-3","status":"publish","type":"post","link":"https:\/\/www.siemck.pl\/wyniki-konkursu-wspol-kultura-vol-3\/","title":{"rendered":"Wyniki konkursu Wsp\u00f3\u0142\/kultura vol. 3"},"content":{"rendered":"<p>W dniu 26 czerwca 2023 mia\u0142o miejsce spotkanie z autorami inicjatyw, kt\u00f3re wp\u0142yn\u0119\u0142y do SCK w ramach projektu Wsp\u00f3\u0142\/kultura vol. 3.<\/p>\n<p>Serdecznie gratulujemy wszystkim pomys\u0142odawcom, poniewa\u017c \u017cadna inicjatywa nie zosta\u0142a odrzucona.<\/p>\n<p>Komisja w sk\u0142adzie: Ma\u0142gorzata W\u00f3jcik (Animatorka projektu z ramienia Narodowego Centrum Kultury), Monika Pojda-Dzieko\u0144ska (Z-ca Dyrektora SCK), Rados\u0142aw Matysek (SCK), Marek Ko\u0142buk (SCK), Celina Bagi\u0144ska-W\u0142odarek (SCK); konsultacja merytoryczna: Hanna Kostrzewska (autorka raptoru z diagnozy projektu);<\/p>\n<p>\u2013 w wyniku obrad zarekomendowa\u0142a po\u0142\u0105czenie inicjatyw: \u201e\u015apiew, kt\u00f3ry \u0142\u0105czy, muzyka, kt\u00f3ra leczy\u201d oraz \u201eDzie\u0144 Przyja\u017ani Polsko \u2013 Ukrai\u0144skiej\u201d.<\/p>\n<p>\u2013 do realizacji przyj\u0119\u0142a wszystkie projekty, z nast\u0119puj\u0105cymi kwotami finansowania:<\/p>\n<ol>\n<li>Dagmara Jazowska, Inna Biliaieva \u2013 \u201eDzie\u0144 Przyja\u017ani Polsko \u2013 Ukrai\u0144skiej\u201d wraz z \u201e\u015apiew, kt\u00f3ry \u0142\u0105czy, muzyka, kt\u00f3ra leczy\u201d- 11\u00a0000<\/li>\n<li>Magdalena Wr\u00f3blewska-\u017balik \u2013 Rozbawiona Prze\u0142ajka \u2013 4000<\/li>\n<li>Anna Lempa, Klaudia Kaszyca \u2013 Prze\u0142ajka i Ba\u0144g\u00f3w \u2013 okiem mieszka\u0144c\u00f3w \u2013 2000<\/li>\n<li>Aleksandra Kuczek \u2013 To my \u2013 poznajcie nas \u2013 4000<\/li>\n<li>Jan Wieczorek \u2013 W bramach Huty Laura \u2013 4000<\/li>\n<li>Pawe\u0142 Roszak-Kwiatek \u2013 Ba\u0144g\u00f3w \u2013 miejsce z histori\u0105, miejsce dla historii \u2013 4000<\/li>\n<li>Tadeusz \u017balik \u2013 Rzecz o jelyniokach i kabotku \u2013 czyli str\u00f3j (nie)od\u015bwi\u0119tny \u2013 4000<\/li>\n<\/ol>\n","protected":false},"excerpt":{"rendered":"<p>W dniu 26 czerwca 2023 mia\u0142o miejsce spotkanie z autorami inicjatyw, kt\u00f3re wp\u0142yn\u0119\u0142y do SCK w ramach projektu Wsp\u00f3\u0142\/kultura vol. 3. Serdecznie gratulujemy wszystkim pomys\u0142odawcom, poniewa\u017c \u017cadna inicjatywa nie zosta\u0142a odrzucona. Komisja w sk\u0142adzie: Ma\u0142gorzata W\u00f3jcik (Animatorka projektu z ramienia Narodowego Centrum Kultury), Monika Pojda-Dzieko\u0144ska (Z-ca Dyrektora SCK), Rados\u0142aw Matysek (SCK), Marek Ko\u0142buk (SCK), Celina [&hellip;]<\/p>\n","protected":false},"author":12,"featured_media":22971,"comment_status":"closed","ping_status":"open","sticky":false,"template":"","format":"standard","meta":[],"categories":[1,93],"tags":[],"_links":{"self":[{"href":"https:\/\/www.siemck.pl\/wp-json\/wp\/v2\/posts\/23486"}],"collection":[{"href":"https:\/\/www.siemck.pl\/wp-json\/wp\/v2\/posts"}],"about":[{"href":"https:\/\/www.siemck.pl\/wp-json\/wp\/v2\/types\/post"}],"author":[{"embeddable":true,"href":"https:\/\/www.siemck.pl\/wp-json\/wp\/v2\/users\/12"}],"replies":[{"embeddable":true,"href":"https:\/\/www.siemck.pl\/wp-json\/wp\/v2\/comments?post=23486"}],"version-history":[{"count":1,"href":"https:\/\/www.siemck.pl\/wp-json\/wp\/v2\/posts\/23486\/revisions"}],"predecessor-version":[{"id":23487,"href":"https:\/\/www.siemck.pl\/wp-json\/wp\/v2\/posts\/23486\/revisions\/23487"}],"wp:featuredmedia":[{"embeddable":true,"href":"https:\/\/www.siemck.pl\/wp-json\/wp\/v2\/media\/22971"}],"wp:attachment":[{"href":"https:\/\/www.siemck.pl\/wp-json\/wp\/v2\/media?parent=23486"}],"wp:term":[{"taxonomy":"category","embeddable":true,"href":"https:\/\/www.siemck.pl\/wp-json\/wp\/v2\/categories?post=23486"},{"taxonomy":"post_tag","embeddable":true,"href":"https:\/\/www.siemck.pl\/wp-json\/wp\/v2\/tags?post=23486"}],"curies":[{"name":"wp","href":"https:\/\/api.w.org\/{rel}","templated":true}]}}