{"id":23443,"date":"2023-06-22T09:46:34","date_gmt":"2023-06-22T07:46:34","guid":{"rendered":"https:\/\/www.siemck.pl\/?p=23443"},"modified":"2023-06-22T09:46:34","modified_gmt":"2023-06-22T07:46:34","slug":"kasa-sck-bytkow-w-lipcu-i-sierpniu","status":"publish","type":"post","link":"https:\/\/www.siemck.pl\/kasa-sck-bytkow-w-lipcu-i-sierpniu\/","title":{"rendered":"Kasa SCK- Bytk\u00f3w w lipcu i sierpniu"},"content":{"rendered":"<p><strong>Informujemy, \u017ce kasa biletowa w SCK- Bytk\u00f3w w lipcu i sierpniu czynna b\u0119dzie w godzinach 7.30-14.30.\u00a0<\/strong><\/p>\n<p>Bilety s\u0105 ca\u0142y czas dost\u0119pne on-line na stronie www.bilety.siemck.pl<\/p>\n","protected":false},"excerpt":{"rendered":"<p>Informujemy, \u017ce kasa biletowa w SCK- Bytk\u00f3w w lipcu i sierpniu czynna b\u0119dzie w godzinach 7.30-14.30.\u00a0 Bilety s\u0105 ca\u0142y czas dost\u0119pne on-line na stronie www.bilety.siemck.pl<\/p>\n","protected":false},"author":6,"featured_media":21667,"comment_status":"closed","ping_status":"open","sticky":false,"template":"","format":"standard","meta":[],"categories":[1],"tags":[],"_links":{"self":[{"href":"https:\/\/www.siemck.pl\/wp-json\/wp\/v2\/posts\/23443"}],"collection":[{"href":"https:\/\/www.siemck.pl\/wp-json\/wp\/v2\/posts"}],"about":[{"href":"https:\/\/www.siemck.pl\/wp-json\/wp\/v2\/types\/post"}],"author":[{"embeddable":true,"href":"https:\/\/www.siemck.pl\/wp-json\/wp\/v2\/users\/6"}],"replies":[{"embeddable":true,"href":"https:\/\/www.siemck.pl\/wp-json\/wp\/v2\/comments?post=23443"}],"version-history":[{"count":1,"href":"https:\/\/www.siemck.pl\/wp-json\/wp\/v2\/posts\/23443\/revisions"}],"predecessor-version":[{"id":23444,"href":"https:\/\/www.siemck.pl\/wp-json\/wp\/v2\/posts\/23443\/revisions\/23444"}],"wp:featuredmedia":[{"embeddable":true,"href":"https:\/\/www.siemck.pl\/wp-json\/wp\/v2\/media\/21667"}],"wp:attachment":[{"href":"https:\/\/www.siemck.pl\/wp-json\/wp\/v2\/media?parent=23443"}],"wp:term":[{"taxonomy":"category","embeddable":true,"href":"https:\/\/www.siemck.pl\/wp-json\/wp\/v2\/categories?post=23443"},{"taxonomy":"post_tag","embeddable":true,"href":"https:\/\/www.siemck.pl\/wp-json\/wp\/v2\/tags?post=23443"}],"curies":[{"name":"wp","href":"https:\/\/api.w.org\/{rel}","templated":true}]}}