{"id":23217,"date":"2023-06-19T10:43:05","date_gmt":"2023-06-19T08:43:05","guid":{"rendered":"https:\/\/www.siemck.pl\/?p=23217"},"modified":"2023-07-03T09:29:14","modified_gmt":"2023-07-03T07:29:14","slug":"akcja-lato-2023","status":"publish","type":"post","link":"https:\/\/www.siemck.pl\/akcja-lato-2023\/","title":{"rendered":"Akcja Lato 2023"},"content":{"rendered":"<p>Jak co roku zapraszamy serdecznie do udzia\u0142u w &#x1f31e;<strong>Akcji Lato<\/strong>, organizowanej przez Siemianowickie Centrum Kultury.<\/p>\n<p>Udzia\u0142 we wszystkich wydarzeniach w ramach Akcji Lato jest bezp\u0142atny.<\/p>\n<p><span style=\"font-weight: 400;\">&#x1f31e;Oddzia\u0142 SCK Bytk\u00f3w<\/span><\/p>\n<p><span style=\"font-weight: 400;\">11 i 25 lipca (wtorki), godz. 11.00 \u2013 SCK Bytk\u00f3w &#8211; Artystyczny Parking SCK &#8211; Animacje dla dzieci na parkingu<\/span><\/p>\n<p><span style=\"font-weight: 400;\">18 sierpnia (pi\u0105tek), godz. 11.00 \u2013 SCK Bytk\u00f3w &#8211; Artystyczny Parking SCK &#8211; Animacje dla dzieci na parkingu<\/span><\/p>\n<p><span style=\"font-weight: 400;\">22 sierpnia (wtorek), godz. 11.00 \u2013 SCK Bytk\u00f3w &#8211; Artystyczny Parking SCK &#8211; Animacje dla dzieci na parkingu<\/span><\/p>\n<p><span style=\"font-weight: 400;\">5, 12, 19, 26 lipca (\u015brody) &#8211; godz. 10.00- 12.00 \u2013 SCK Bytk\u00f3w \u2013 \u201ePapierowe lato w Okienku\u201d \u2013 warsztaty plastyczne dla dzieci w Pracowni Plastycznej \u201eOkienko\u201d &#8211; dzieci\u00a0 6-10 lat. Bezp\u0142atne wej\u015bci\u00f3wki do odbioru od 15 czerwca w SCK- Bytk\u00f3w<\/span><\/p>\n<p><span style=\"font-weight: 400;\">6,13, 20,27 lipca (czwartki) &#8211; godz. 10.00- 12.00 \u2013 SCK Bytk\u00f3w \u2013 \u201ePapierowe lato w Okienku\u201d \u2013 warsztaty plastyczne dla dzieci w Pracowni Plastycznej \u201eOkienko\u201d &#8211; dzieci\u00a0 11-16 lat. Bezp\u0142atne wej\u015bci\u00f3wki do odbioru od 15 czerwca w SCK- Bytk\u00f3w<\/span><\/p>\n<p><span style=\"font-weight: 400;\">&#x1f31e;Oddzia\u0142 SCK Park Tradycji<\/span><\/p>\n<p><span style=\"font-weight: 400;\">Lipiec \u2013 sierpie\u0144 (od poniedzia\u0142ku do pi\u0105tku), godz. 10.00-15.00 \u2013 SCK Park Tradycji \u2013 Pok\u00f3j do s\u0142uchania, wst\u0119p wolny<\/span><\/p>\n<p><span style=\"font-weight: 400;\">Lipiec \u2013 sierpie\u0144 (od poniedzia\u0142ku do pi\u0105tku), godz. 10.00-15.00 \u2013 SCK Park Tradycji \u2013 Industrialny Plac Zabaw, wst\u0119p wolny<\/span><\/p>\n<p><span style=\"font-weight: 400;\">6, 11, 13, 18, 20, 25, 27 lipca (wtorki i czwartki) godz. 11.00 \u2013 SCK Park Tradycji \u2013 Kino dla dzieci, wst\u0119p wolny<\/span><\/p>\n<p><span style=\"font-weight: 400;\">1, 3, 8, 10, 17, 22, 24, 29 sierpnia (wtorki i czwartki) godz. 11.00 \u2013 SCK Park Tradycji \u2013 Kino dla dzieci, wst\u0119p wolny<\/span><\/p>\n<p><span style=\"font-weight: 400;\">10, 17, 24 sierpnia (czwartki), godz. 13.00 \u2013 SCK Park Tradycji \u2013 \u0141amig\u0142\u00f3wki M\u0105drej G\u0142\u00f3wki &#8211; Zaj\u0119cia dla dzieci z ciekawostek naukowych, zagadek logicznych, gier planszowych, wst\u0119p wolny<\/span><\/p>\n<p><span style=\"font-weight: 400;\">&#x1f31e;Oddzia\u0142 SCK Jarz\u0119bina<\/span><\/p>\n<p><span style=\"font-weight: 400;\">28 czerwca (\u015broda), godz. 10.00 \u2013 12.00 \u2013 SCK Jarz\u0119bina &#8211; Akcja lato \u2013 zaj\u0119cia plastyczne dla dzieci w wieku 6-10 lat. Wst\u0119p wolny.<\/span><\/p>\n<p><span style=\"font-weight: 400;\">5,26 lipca\u00a0 (\u015broda), godz. 10.00 \u2013 12.00 \u2013 SCK Jarz\u0119bina \u2013Akcja lato \u2013 zaj\u0119cia plastyczne dla dzieci w wieku 6-10 lat. Wst\u0119p wolny.<\/span><\/p>\n<p><span style=\"font-weight: 400;\">12 lipca (\u015broda), godz. 10.00-12.00 \u2013 SCK Jarz\u0119bina \u2013 Akcja lato \u2013 bal dla dzieci.\u00a0 Wst\u0119p wolny.<\/span><\/p>\n<p><span style=\"font-weight: 400;\">2,16,23 sierpnia\u00a0 (\u015broda), godz. 10.00 \u2013 12.00 \u2013 SCK Jarz\u0119bina \u2013Akcja lato \u2013 zaj\u0119cia plastyczne dla dzieci w wieku 6-10 lat. Wst\u0119p wolny.<\/span><\/p>\n<p><span style=\"font-weight: 400;\">9 sierpnia (\u015broda), godz. 10.00-12.00 \u2013 SCK Jarz\u0119bina \u2013 Akcja lato \u2013 bal dla dzieci.\u00a0 Wst\u0119p wolny.<\/span><\/p>\n<p><span style=\"font-weight: 400;\">&#x1f31e;Oddzia\u0142 SCK Zameczek<\/span><\/p>\n<p><span style=\"font-weight: 400;\">5-7 lipca (\u015broda &#8211; pi\u0105tek), godz. 10.00 \u2013 SCK Zameczek &#8211; Roz\u015bpiewane lato. Warsztaty wokalne dla dzieci i m\u0142odzie\u017cy od 7 roku \u017cycia. Wst\u0119p wolny<\/span><\/p>\n<p><span style=\"font-weight: 400;\">24-27 lipca (poniedzia\u0142ek &#8211; czwartek), godz. 10.00 \u2013 SCK Zameczek \u2013 Wakacje z ta\u0144cem. Warsztaty dla dzieci w wieku 7-10 lat. Wst\u0119p wolny<\/span><\/p>\n<p><span style=\"font-weight: 400;\">9 sierpnia (\u015broda), godz. 10.00 \u2013 SCK Zameczek \u2013 Bal przebiera\u0144c\u00f3w dla dzieci w wieku od 5 roku \u017cycia. Wst\u0119p wolny<\/span><\/p>\n<p><span style=\"font-weight: 400;\">31 lipca (\u015broda) &#8211; godz. 10.00- 11.30 i godz. 12.00- 13.30 \u2013 SCK Zameczek \u2013 \u201eWakacje ze sztuk\u0105\u201d \u2013 warsztaty plastyczne dla dzieci w Pracowni Plastycznej \u201eNa winklu\u201d &#8211; dzieci\u00a0 7-15 lat. Bezp\u0142atne wej\u015bci\u00f3wki do odbioru od 17 lipca w Pracowni Plastycznej \u201eNa winklu\u201d<\/span><\/p>\n<p><span style=\"font-weight: 400;\">1, 2, 3 sierpnia (poniedzia\u0142ek, wtorek, \u015broda) &#8211; godz. 10.00- 11.30 i godz. 12.00- 13.30 \u2013 SCK Zameczek \u2013 \u201eWakacje ze sztuk\u0105\u201d \u2013 warsztaty plastyczne dla dzieci w Pracowni Plastycznej \u201eNa winklu\u201d &#8211; dzieci\u00a0 7-15 lat. Bezp\u0142atne wej\u015bci\u00f3wki do odbioru od 17 lipca w Pracowni Plastycznej \u201eNa winklu\u201d<\/span><\/p>\n<p><span style=\"font-weight: 400;\">&#x1f31e;Amfiteatr<\/span><\/p>\n<p><span style=\"font-weight: 400;\">2 lipca (niedziela), godz. 17.00 \u2013 Amfiteatr \u2013 Spektakl \u201ePrzygody pch\u0142y kr\u0119taczki\u201d w wykonaniu aktor\u00f3w Studia Teatralnego Krak- Art., wst\u0119p wolny<\/span><\/p>\n<p><span style=\"font-weight: 400;\">9 lipca (niedziela), godz. 17.00 \u2013 Amfiteatr &#8211; Spektakl \u201eKopciuszek\u201d w wykonaniu aktor\u00f3w Studia Teatralnego Krak- Art, wst\u0119p wolny<\/span><\/p>\n<p><span style=\"font-weight: 400;\">16 lipca (niedziela), godz. 17.00 \u2013 Amfiteatr \u2013 Spektakl \u201eWielka wyprawa pana Malu\u015bkiewicza\u201d w wykonaniu aktor\u00f3w O!Teatr, wst\u0119p wolny<\/span><\/p>\n<p><span style=\"font-weight: 400;\">23 lipca (niedziela), godz. 17.00 \u2013 Amfiteatr \u2013 Spektakl Cyrk le\u015bnych robaczk\u00f3w\u201d w wykonaniu aktor\u00f3w Studia Teatralnego Krak- Art., wst\u0119p wolny<\/span><\/p>\n<p><span style=\"font-weight: 400;\">30 lipca (niedziela), godz. 17.00 \u2013 Amfiteatr\u00a0 \u2013 Spektakl \u201eSmocza legenda\u201d w wykonaniu aktor\u00f3w Studia Teatralnego Krak- Art., wst\u0119p wolny<\/span><\/p>\n<p><span style=\"font-weight: 400;\">6, 13, 20, 27 sierpnia (niedziela), godz. 17.00 \u2013 Amfiteatr \u2013 Animacje dla dzieci, wst\u0119p wolny<\/span><\/p>\n","protected":false},"excerpt":{"rendered":"<p>Jak co roku zapraszamy serdecznie do udzia\u0142u w &#x1f31e;Akcji Lato, organizowanej przez Siemianowickie Centrum Kultury. Udzia\u0142 we wszystkich wydarzeniach w ramach Akcji Lato jest bezp\u0142atny. &#x1f31e;Oddzia\u0142 SCK Bytk\u00f3w 11 i 25 lipca (wtorki), godz. 11.00 \u2013 SCK Bytk\u00f3w &#8211; Artystyczny Parking SCK &#8211; Animacje dla dzieci na parkingu 18 sierpnia (pi\u0105tek), godz. 11.00 \u2013 SCK [&hellip;]<\/p>\n","protected":false},"author":12,"featured_media":23218,"comment_status":"closed","ping_status":"open","sticky":false,"template":"","format":"standard","meta":[],"categories":[88,80,79,81,109],"tags":[],"_links":{"self":[{"href":"https:\/\/www.siemck.pl\/wp-json\/wp\/v2\/posts\/23217"}],"collection":[{"href":"https:\/\/www.siemck.pl\/wp-json\/wp\/v2\/posts"}],"about":[{"href":"https:\/\/www.siemck.pl\/wp-json\/wp\/v2\/types\/post"}],"author":[{"embeddable":true,"href":"https:\/\/www.siemck.pl\/wp-json\/wp\/v2\/users\/12"}],"replies":[{"embeddable":true,"href":"https:\/\/www.siemck.pl\/wp-json\/wp\/v2\/comments?post=23217"}],"version-history":[{"count":3,"href":"https:\/\/www.siemck.pl\/wp-json\/wp\/v2\/posts\/23217\/revisions"}],"predecessor-version":[{"id":23489,"href":"https:\/\/www.siemck.pl\/wp-json\/wp\/v2\/posts\/23217\/revisions\/23489"}],"wp:featuredmedia":[{"embeddable":true,"href":"https:\/\/www.siemck.pl\/wp-json\/wp\/v2\/media\/23218"}],"wp:attachment":[{"href":"https:\/\/www.siemck.pl\/wp-json\/wp\/v2\/media?parent=23217"}],"wp:term":[{"taxonomy":"category","embeddable":true,"href":"https:\/\/www.siemck.pl\/wp-json\/wp\/v2\/categories?post=23217"},{"taxonomy":"post_tag","embeddable":true,"href":"https:\/\/www.siemck.pl\/wp-json\/wp\/v2\/tags?post=23217"}],"curies":[{"name":"wp","href":"https:\/\/api.w.org\/{rel}","templated":true}]}}