{"id":23106,"date":"2023-05-19T09:36:06","date_gmt":"2023-05-19T07:36:06","guid":{"rendered":"https:\/\/www.siemck.pl\/?p=23106"},"modified":"2023-07-07T15:29:10","modified_gmt":"2023-07-07T13:29:10","slug":"kasa-29-maja","status":"publish","type":"post","link":"https:\/\/www.siemck.pl\/kasa-29-maja\/","title":{"rendered":"Kasa biletowa SCK- Bytk\u00f3w 11 lipca"},"content":{"rendered":"<p><b>Informujemy, \u017ce we wtorek 11 lipca kasa biletowa SCK- Bytk\u00f3w czynna b\u0119dzie w godzinach 7.30-13.00<\/b><\/p>\n<p><strong>Bilety dost\u0119pne s\u0105 te\u017c on-line:\u00a0 <\/strong><a href=\"http:\/\/www.bilety.siemck.pl\/\"><strong>www.bilety.siemck.pl<\/strong><\/a><\/p>\n","protected":false},"excerpt":{"rendered":"<p>Informujemy, \u017ce we wtorek 11 lipca kasa biletowa SCK- Bytk\u00f3w czynna b\u0119dzie w godzinach 7.30-13.00 Bilety dost\u0119pne s\u0105 te\u017c on-line:\u00a0 www.bilety.siemck.pl<\/p>\n","protected":false},"author":12,"featured_media":21667,"comment_status":"closed","ping_status":"open","sticky":false,"template":"","format":"standard","meta":[],"categories":[1],"tags":[],"_links":{"self":[{"href":"https:\/\/www.siemck.pl\/wp-json\/wp\/v2\/posts\/23106"}],"collection":[{"href":"https:\/\/www.siemck.pl\/wp-json\/wp\/v2\/posts"}],"about":[{"href":"https:\/\/www.siemck.pl\/wp-json\/wp\/v2\/types\/post"}],"author":[{"embeddable":true,"href":"https:\/\/www.siemck.pl\/wp-json\/wp\/v2\/users\/12"}],"replies":[{"embeddable":true,"href":"https:\/\/www.siemck.pl\/wp-json\/wp\/v2\/comments?post=23106"}],"version-history":[{"count":4,"href":"https:\/\/www.siemck.pl\/wp-json\/wp\/v2\/posts\/23106\/revisions"}],"predecessor-version":[{"id":23500,"href":"https:\/\/www.siemck.pl\/wp-json\/wp\/v2\/posts\/23106\/revisions\/23500"}],"wp:featuredmedia":[{"embeddable":true,"href":"https:\/\/www.siemck.pl\/wp-json\/wp\/v2\/media\/21667"}],"wp:attachment":[{"href":"https:\/\/www.siemck.pl\/wp-json\/wp\/v2\/media?parent=23106"}],"wp:term":[{"taxonomy":"category","embeddable":true,"href":"https:\/\/www.siemck.pl\/wp-json\/wp\/v2\/categories?post=23106"},{"taxonomy":"post_tag","embeddable":true,"href":"https:\/\/www.siemck.pl\/wp-json\/wp\/v2\/tags?post=23106"}],"curies":[{"name":"wp","href":"https:\/\/api.w.org\/{rel}","templated":true}]}}