{"id":23045,"date":"2023-04-26T13:28:42","date_gmt":"2023-04-26T11:28:42","guid":{"rendered":"https:\/\/www.siemck.pl\/?p=23045"},"modified":"2023-04-27T14:51:38","modified_gmt":"2023-04-27T12:51:38","slug":"kasa-sck-bytkow-w-maju","status":"publish","type":"post","link":"https:\/\/www.siemck.pl\/kasa-sck-bytkow-w-maju\/","title":{"rendered":"Kasa SCK- Bytk\u00f3w w maju"},"content":{"rendered":"<p><strong>W maju sprzeda\u017c bilet\u00f3w w kasie SCK- Bytk\u00f3w odbywa\u0107 si\u0119 b\u0119dzie w nast\u0119puj\u0105cych terminach: <\/strong><\/p>\n<p><strong>&#8211; poniedzia\u0142ki,\u00a0 wtorki w godzinach 11.30-18.30<\/strong><\/p>\n<p><strong>&#8211; \u015brody, czwartki, pi\u0105tki w godzinach 9.30-16.30<\/strong><\/p>\n<p>&nbsp;<\/p>\n<p><strong>Wyj\u0105tki:<\/strong><\/p>\n<p><strong>&#8211; 2 maja (wtorek) &#8211; kasa nieczynna<\/strong><\/p>\n<p><strong>&#8211; 10 maja (\u015broda) w godzinach 9.30-14.30<\/strong><\/p>\n<p><strong>&#8211; 26 maja (pi\u0105tek) w godzinach 9.30-14.30<\/strong><\/p>\n<p><strong>&#8211; 27 maja (sobota) w godzinach 16.00-19.00 &#8211; koncert &#8222;Ba\u015b\u0144 dla doros\u0142ych&#8221;<\/strong><\/p>\n<p>&nbsp;<\/p>\n<p><strong>Bilety dost\u0119pne s\u0105 r\u00f3wnie\u017c on-line:\u00a0 <\/strong><a href=\"http:\/\/www.bilety.siemck.pl\/\"><strong>www.bilety.siemck.pl<\/strong><\/a><\/p>\n","protected":false},"excerpt":{"rendered":"<p>W maju sprzeda\u017c bilet\u00f3w w kasie SCK- Bytk\u00f3w odbywa\u0107 si\u0119 b\u0119dzie w nast\u0119puj\u0105cych terminach: &#8211; poniedzia\u0142ki,\u00a0 wtorki w godzinach 11.30-18.30 &#8211; \u015brody, czwartki, pi\u0105tki w godzinach 9.30-16.30 &nbsp; Wyj\u0105tki: &#8211; 2 maja (wtorek) &#8211; kasa nieczynna &#8211; 10 maja (\u015broda) w godzinach 9.30-14.30 &#8211; 26 maja (pi\u0105tek) w godzinach 9.30-14.30 &#8211; 27 maja (sobota) w [&hellip;]<\/p>\n","protected":false},"author":6,"featured_media":21667,"comment_status":"closed","ping_status":"open","sticky":false,"template":"","format":"standard","meta":[],"categories":[1],"tags":[],"_links":{"self":[{"href":"https:\/\/www.siemck.pl\/wp-json\/wp\/v2\/posts\/23045"}],"collection":[{"href":"https:\/\/www.siemck.pl\/wp-json\/wp\/v2\/posts"}],"about":[{"href":"https:\/\/www.siemck.pl\/wp-json\/wp\/v2\/types\/post"}],"author":[{"embeddable":true,"href":"https:\/\/www.siemck.pl\/wp-json\/wp\/v2\/users\/6"}],"replies":[{"embeddable":true,"href":"https:\/\/www.siemck.pl\/wp-json\/wp\/v2\/comments?post=23045"}],"version-history":[{"count":3,"href":"https:\/\/www.siemck.pl\/wp-json\/wp\/v2\/posts\/23045\/revisions"}],"predecessor-version":[{"id":23055,"href":"https:\/\/www.siemck.pl\/wp-json\/wp\/v2\/posts\/23045\/revisions\/23055"}],"wp:featuredmedia":[{"embeddable":true,"href":"https:\/\/www.siemck.pl\/wp-json\/wp\/v2\/media\/21667"}],"wp:attachment":[{"href":"https:\/\/www.siemck.pl\/wp-json\/wp\/v2\/media?parent=23045"}],"wp:term":[{"taxonomy":"category","embeddable":true,"href":"https:\/\/www.siemck.pl\/wp-json\/wp\/v2\/categories?post=23045"},{"taxonomy":"post_tag","embeddable":true,"href":"https:\/\/www.siemck.pl\/wp-json\/wp\/v2\/tags?post=23045"}],"curies":[{"name":"wp","href":"https:\/\/api.w.org\/{rel}","templated":true}]}}