{"id":22858,"date":"2023-04-06T11:44:42","date_gmt":"2023-04-06T09:44:42","guid":{"rendered":"https:\/\/www.siemck.pl\/?p=22858"},"modified":"2024-03-25T15:07:23","modified_gmt":"2024-03-25T14:07:23","slug":"wesolych-swiat-wielkanocnych-2","status":"publish","type":"post","link":"https:\/\/www.siemck.pl\/wesolych-swiat-wielkanocnych-2\/","title":{"rendered":"Weso\u0142ych \u015awi\u0105t Wielkanocnych"},"content":{"rendered":"<p>Z okazji \u015awi\u0105t Wielkanocnych \u017cyczymy Pa\u0144stwu, aby ten wyj\u0105tkowy czas sta\u0142 si\u0119 momentem wytchnienia i spokoju, momentem dzielonym z najbli\u017cszymi.<\/p>\n<p>\u017byczymy wszelkiej pomy\u015blno\u015bci, wielu sukces\u00f3w w \u017cyciu zawodowym, zdrowia i szcz\u0119\u015bcia na co dzie\u0144, a tak\u017ce niezapomnianych dozna\u0144 artystycznych, kt\u00f3rych postaramy si\u0119 Pa\u0144stwu dostarcza\u0107 podczas organizowanych przez nas wydarze\u0144.<\/p>\n<p>Dyrekcja i zesp\u00f3\u0142 pracownik\u00f3w Siemianowickiego Centrum Kultury.<\/p>\n<p>&nbsp;<\/p>\n","protected":false},"excerpt":{"rendered":"<p>Z okazji \u015awi\u0105t Wielkanocnych \u017cyczymy Pa\u0144stwu, aby ten wyj\u0105tkowy czas sta\u0142 si\u0119 momentem wytchnienia i spokoju, momentem dzielonym z najbli\u017cszymi. \u017byczymy wszelkiej pomy\u015blno\u015bci, wielu sukces\u00f3w w \u017cyciu zawodowym, zdrowia i szcz\u0119\u015bcia na co dzie\u0144, a tak\u017ce niezapomnianych dozna\u0144 artystycznych, kt\u00f3rych postaramy si\u0119 Pa\u0144stwu dostarcza\u0107 podczas organizowanych przez nas wydarze\u0144. Dyrekcja i zesp\u00f3\u0142 pracownik\u00f3w Siemianowickiego Centrum [&hellip;]<\/p>\n","protected":false},"author":12,"featured_media":22859,"comment_status":"closed","ping_status":"open","sticky":false,"template":"","format":"standard","meta":[],"categories":[1],"tags":[],"_links":{"self":[{"href":"https:\/\/www.siemck.pl\/wp-json\/wp\/v2\/posts\/22858"}],"collection":[{"href":"https:\/\/www.siemck.pl\/wp-json\/wp\/v2\/posts"}],"about":[{"href":"https:\/\/www.siemck.pl\/wp-json\/wp\/v2\/types\/post"}],"author":[{"embeddable":true,"href":"https:\/\/www.siemck.pl\/wp-json\/wp\/v2\/users\/12"}],"replies":[{"embeddable":true,"href":"https:\/\/www.siemck.pl\/wp-json\/wp\/v2\/comments?post=22858"}],"version-history":[{"count":1,"href":"https:\/\/www.siemck.pl\/wp-json\/wp\/v2\/posts\/22858\/revisions"}],"predecessor-version":[{"id":22860,"href":"https:\/\/www.siemck.pl\/wp-json\/wp\/v2\/posts\/22858\/revisions\/22860"}],"wp:featuredmedia":[{"embeddable":true,"href":"https:\/\/www.siemck.pl\/wp-json\/wp\/v2\/media\/22859"}],"wp:attachment":[{"href":"https:\/\/www.siemck.pl\/wp-json\/wp\/v2\/media?parent=22858"}],"wp:term":[{"taxonomy":"category","embeddable":true,"href":"https:\/\/www.siemck.pl\/wp-json\/wp\/v2\/categories?post=22858"},{"taxonomy":"post_tag","embeddable":true,"href":"https:\/\/www.siemck.pl\/wp-json\/wp\/v2\/tags?post=22858"}],"curies":[{"name":"wp","href":"https:\/\/api.w.org\/{rel}","templated":true}]}}