{"id":22807,"date":"2023-03-29T14:31:29","date_gmt":"2023-03-29T12:31:29","guid":{"rendered":"https:\/\/www.siemck.pl\/?p=22807"},"modified":"2023-03-29T14:31:29","modified_gmt":"2023-03-29T12:31:29","slug":"kasa-sck-bytkow-w-kwietniu","status":"publish","type":"post","link":"https:\/\/www.siemck.pl\/kasa-sck-bytkow-w-kwietniu\/","title":{"rendered":"Kasa SCK- Bytk\u00f3w w kwietniu"},"content":{"rendered":"<p><strong>W kwietniu sprzeda\u017c bilet\u00f3w w kasie g\u0142\u00f3wnej w SCK- Bytk\u00f3w odbywa\u0107 si\u0119 b\u0119dzie w godzinach: <\/strong><\/p>\n<p><strong>&#8211; poniedzia\u0142ki, wtorki-\u00a0 w godzinach 11.30-18.30<\/strong><\/p>\n<p><strong>&#8211; \u015brody, czwartki, pi\u0105tki &#8211;\u00a0 w godzinach 9.30-16.30<\/strong><\/p>\n<p>&nbsp;<\/p>\n<p><strong>Wyj\u0105tki:<\/strong><\/p>\n<p><strong>\u00a0\u00a0 &#8211; 1.04\u00a0 (sobota) w godzinach 17.00-20.00 &#8211;\u00a0 koncert Renaty Przemyk<\/strong><\/p>\n<p><strong>\u00a0\u00a0 &#8211; 7.04 (pi\u0105tek) w godzinach 9.30-14.30<\/strong><\/p>\n<p><strong>\u00a0\u00a0 &#8211; 16.04 (niedziela) w godzinach 15.00-18.00-\u00a0 Kabaret Moherowe Berety<\/strong><\/p>\n<p><strong>\u00a0\u00a0 &#8211; 20.04 (czwartek) w godzinach 9.30-14.30<\/strong><\/p>\n<p><strong>\u00a0\u00a0 &#8211; 27.04 (czwartek) w godzinach 17.00-20.00-\u00a0 koncert Jakuba Skorupy<\/strong><\/p>\n<p><strong>\u00a0\u00a0 &#8211; 28.04 (pi\u0105tek) w godzinach 9.30-14.30<\/strong><\/p>\n<p>&nbsp;<\/p>\n<p><strong>Przez ca\u0142y czas bilety na imprezy dost\u0119pne s\u0105 na stronie www.bilety.siemck.pl\u00a0<\/strong><\/p>\n<p><strong>\u00a0<\/strong><\/p>\n","protected":false},"excerpt":{"rendered":"<p>W kwietniu sprzeda\u017c bilet\u00f3w w kasie g\u0142\u00f3wnej w SCK- Bytk\u00f3w odbywa\u0107 si\u0119 b\u0119dzie w godzinach: &#8211; poniedzia\u0142ki, wtorki-\u00a0 w godzinach 11.30-18.30 &#8211; \u015brody, czwartki, pi\u0105tki &#8211;\u00a0 w godzinach 9.30-16.30 &nbsp; Wyj\u0105tki: \u00a0\u00a0 &#8211; 1.04\u00a0 (sobota) w godzinach 17.00-20.00 &#8211;\u00a0 koncert Renaty Przemyk \u00a0\u00a0 &#8211; 7.04 (pi\u0105tek) w godzinach 9.30-14.30 \u00a0\u00a0 &#8211; 16.04 (niedziela) w godzinach [&hellip;]<\/p>\n","protected":false},"author":6,"featured_media":21667,"comment_status":"closed","ping_status":"open","sticky":false,"template":"","format":"standard","meta":[],"categories":[1],"tags":[],"_links":{"self":[{"href":"https:\/\/www.siemck.pl\/wp-json\/wp\/v2\/posts\/22807"}],"collection":[{"href":"https:\/\/www.siemck.pl\/wp-json\/wp\/v2\/posts"}],"about":[{"href":"https:\/\/www.siemck.pl\/wp-json\/wp\/v2\/types\/post"}],"author":[{"embeddable":true,"href":"https:\/\/www.siemck.pl\/wp-json\/wp\/v2\/users\/6"}],"replies":[{"embeddable":true,"href":"https:\/\/www.siemck.pl\/wp-json\/wp\/v2\/comments?post=22807"}],"version-history":[{"count":1,"href":"https:\/\/www.siemck.pl\/wp-json\/wp\/v2\/posts\/22807\/revisions"}],"predecessor-version":[{"id":22808,"href":"https:\/\/www.siemck.pl\/wp-json\/wp\/v2\/posts\/22807\/revisions\/22808"}],"wp:featuredmedia":[{"embeddable":true,"href":"https:\/\/www.siemck.pl\/wp-json\/wp\/v2\/media\/21667"}],"wp:attachment":[{"href":"https:\/\/www.siemck.pl\/wp-json\/wp\/v2\/media?parent=22807"}],"wp:term":[{"taxonomy":"category","embeddable":true,"href":"https:\/\/www.siemck.pl\/wp-json\/wp\/v2\/categories?post=22807"},{"taxonomy":"post_tag","embeddable":true,"href":"https:\/\/www.siemck.pl\/wp-json\/wp\/v2\/tags?post=22807"}],"curies":[{"name":"wp","href":"https:\/\/api.w.org\/{rel}","templated":true}]}}