{"id":22738,"date":"2023-03-14T11:47:09","date_gmt":"2023-03-14T10:47:09","guid":{"rendered":"https:\/\/www.siemck.pl\/?p=22738"},"modified":"2023-03-14T11:47:09","modified_gmt":"2023-03-14T10:47:09","slug":"poszukujemy-pracownika-do-realizacji-dzwieku-oraz-oswietlenia-scenicznego","status":"publish","type":"post","link":"https:\/\/www.siemck.pl\/poszukujemy-pracownika-do-realizacji-dzwieku-oraz-oswietlenia-scenicznego\/","title":{"rendered":"Poszukujemy pracownika do realizacji d\u017awi\u0119ku oraz o\u015bwietlenia scenicznego"},"content":{"rendered":"<p>Siemianowickie Centrum Kultury poszukuje pracownika\u00a0<strong>do realizacji d\u017awi\u0119ku oraz o\u015bwietlenia scenicznego.<\/strong><\/p>\n<p><strong>Praca na pe\u0142ny etat.<\/strong><\/p>\n<p>Miejsce pracy: Siemianowice \u015al\u0105skie<\/p>\n<p>&nbsp;<\/p>\n<p><strong>Do obowi\u0105zk\u00f3w osoby zatrudnionej na tym stanowisku nale\u017ce\u0107 b\u0119dzie:<\/strong><\/p>\n<ol start=\"1\" type=\"1\">\n<li>Realizacja d\u017awi\u0119ku oraz o\u015bwietlenia podczas imprez organizowanych i zleconych przez SCK.<\/li>\n<li>Zapewnienie w\u0142a\u015bciwej jako\u015bci d\u017awi\u0119ku oraz o\u015bwietlenia poprzez:<br \/>\na) bie\u017c\u0105c\u0105 konserwacj\u0119 i napraw\u0119 sprz\u0119tu,<br \/>\nb) ustalenie potrzeb nag\u0142o\u015bnieniowych stosownie do wymaga\u0144 imprezy,<br \/>\nc) zabezpieczenie odpowiedniego sprz\u0119tu,<br \/>\nd) profesjonaln\u0105 realizacj\u0119 d\u017awi\u0119ku.<\/li>\n<li>Wsp\u00f3\u0142praca z wykonawcami i pracownikami SCK w celu realizacji imprez (koncert\u00f3w spektakli, widowisk, festyn\u00f3w, itp)<\/li>\n<li>Czynno\u015bci zwi\u0105zane z transportem, monta\u017cem i demonta\u017cem aparatury nag\u0142o\u015bnieniowej i\u00a0elektrycznej podczas imprez w\u0142asnych i zleconych.<\/li>\n<li>Obs\u0142uga projektor\u00f3w multimedialnych.<\/li>\n<\/ol>\n<p><strong>Zakres wymaga\u0144:<\/strong><\/p>\n<ul>\n<li>wykszta\u0142cenie \u015brednie,<\/li>\n<li>minimum 6 miesi\u0119czne do\u015bwiadczenie na stanowisku zwi\u0105zanym z realizacj\u0105 d\u017awi\u0119ku,<\/li>\n<li>mile widziana podstawowa znajomo\u015b\u0107 obs\u0142ugi sterownika o\u015bwietlenia GrandMa2 i\/lub Avolites<\/li>\n<li>odporno\u015b\u0107 na stres, odpowiedzialno\u015b\u0107, sumienno\u015b\u0107, terminowo\u015b\u0107, wielozadaniowo\u015b\u0107,<\/li>\n<li>umiej\u0119tno\u015b\u0107 ustalania priorytet\u00f3w oraz doskona\u0142ej organizacji pracy.<\/li>\n<\/ul>\n<p><strong>Wymagane dokumenty:<\/strong><\/p>\n<ol start=\"1\" type=\"1\">\n<li>list motywacyjny i \u017cyciorys (CV),<\/li>\n<li>kwestionariusz osobowy,<\/li>\n<li>kserokopia dokument\u00f3w potwierdzaj\u0105cych wykszta\u0142cenie,<\/li>\n<li>kserokopie dokument\u00f3w potwierdzaj\u0105cych do\u015bwiadczenie zawodowe (sta\u017c pracy),<\/li>\n<li>zgoda na przetwarzanie danych &#8211; o\u015bwiadczenie RODO,<\/li>\n<\/ol>\n<p><strong>Termin, spos\u00f3b i miejsce sk\u0142adania dokument\u00f3w:<\/strong><\/p>\n<p>Dokumenty nale\u017cy przes\u0142a\u0107 w terminie\u00a0<strong>do dnia 24.03.2023 r.<\/strong>\u00a0na adres:\u00a0<a href=\"mailto:sekretariat@siemck.pl\">sekretariat@siemck.pl<\/a>\u00a0lub z\u0142o\u017cy\u0107 osobi\u015bcie lub przes\u0142a\u0107 poczt\u0105 na adres:<\/p>\n<p>Siemianowickie Centrum Kultury<br \/>\nul. Niepodleg\u0142o\u015bci 45<br \/>\n41-106 Siemianowice \u015al\u0105skie<\/p>\n","protected":false},"excerpt":{"rendered":"<p>Siemianowickie Centrum Kultury poszukuje pracownika\u00a0do realizacji d\u017awi\u0119ku oraz o\u015bwietlenia scenicznego. Praca na pe\u0142ny etat. Miejsce pracy: Siemianowice \u015al\u0105skie &nbsp; Do obowi\u0105zk\u00f3w osoby zatrudnionej na tym stanowisku nale\u017ce\u0107 b\u0119dzie: Realizacja d\u017awi\u0119ku oraz o\u015bwietlenia podczas imprez organizowanych i zleconych przez SCK. Zapewnienie w\u0142a\u015bciwej jako\u015bci d\u017awi\u0119ku oraz o\u015bwietlenia poprzez: a) bie\u017c\u0105c\u0105 konserwacj\u0119 i napraw\u0119 sprz\u0119tu, b) ustalenie potrzeb [&hellip;]<\/p>\n","protected":false},"author":12,"featured_media":22749,"comment_status":"closed","ping_status":"open","sticky":false,"template":"","format":"standard","meta":[],"categories":[1],"tags":[],"_links":{"self":[{"href":"https:\/\/www.siemck.pl\/wp-json\/wp\/v2\/posts\/22738"}],"collection":[{"href":"https:\/\/www.siemck.pl\/wp-json\/wp\/v2\/posts"}],"about":[{"href":"https:\/\/www.siemck.pl\/wp-json\/wp\/v2\/types\/post"}],"author":[{"embeddable":true,"href":"https:\/\/www.siemck.pl\/wp-json\/wp\/v2\/users\/12"}],"replies":[{"embeddable":true,"href":"https:\/\/www.siemck.pl\/wp-json\/wp\/v2\/comments?post=22738"}],"version-history":[{"count":1,"href":"https:\/\/www.siemck.pl\/wp-json\/wp\/v2\/posts\/22738\/revisions"}],"predecessor-version":[{"id":22750,"href":"https:\/\/www.siemck.pl\/wp-json\/wp\/v2\/posts\/22738\/revisions\/22750"}],"wp:featuredmedia":[{"embeddable":true,"href":"https:\/\/www.siemck.pl\/wp-json\/wp\/v2\/media\/22749"}],"wp:attachment":[{"href":"https:\/\/www.siemck.pl\/wp-json\/wp\/v2\/media?parent=22738"}],"wp:term":[{"taxonomy":"category","embeddable":true,"href":"https:\/\/www.siemck.pl\/wp-json\/wp\/v2\/categories?post=22738"},{"taxonomy":"post_tag","embeddable":true,"href":"https:\/\/www.siemck.pl\/wp-json\/wp\/v2\/tags?post=22738"}],"curies":[{"name":"wp","href":"https:\/\/api.w.org\/{rel}","templated":true}]}}