{"id":22543,"date":"2023-02-21T08:40:13","date_gmt":"2023-02-21T07:40:13","guid":{"rendered":"https:\/\/www.siemck.pl\/?p=22543"},"modified":"2023-02-21T08:40:13","modified_gmt":"2023-02-21T07:40:13","slug":"poszukujemy-pracownika-do-obslugi-sekretariatu","status":"publish","type":"post","link":"https:\/\/www.siemck.pl\/poszukujemy-pracownika-do-obslugi-sekretariatu\/","title":{"rendered":"Poszukujemy pracownika do obs\u0142ugi sekretariatu"},"content":{"rendered":"<p>Siemianowickie Centrum Kultury poszukuje pracownika\u00a0<strong>do obs\u0142ugi sekretariatu.<br \/>\n<\/strong><strong>Praca biurowa, pe\u0142ny etat.<\/strong><\/p>\n<p>Miejsce pracy: Siemianowice \u015al\u0105skie<\/p>\n<p><strong>Do obowi\u0105zk\u00f3w osoby zatrudnionej na tym stanowisku nale\u017ce\u0107 b\u0119dzie:<\/strong><\/p>\n<ol>\n<li>Przyjmowanie interesant\u00f3w i prowadzenie kalendarza spotka\u0144 Dyrektora,<\/li>\n<li>Organizowanie spotka\u0144, narad oraz sporz\u0105dzenie z nich protoko\u0142\u00f3w,<\/li>\n<li>Odbi\u00f3r, rejestracja i rozdzia\u0142 korespondencji,<\/li>\n<li>Wysy\u0142anie korespondencji za po\u015brednictwem poczty,<\/li>\n<li>Obs\u0142uga sprz\u0119tu biurowego,<\/li>\n<li>Rejestrowanie faktur, rachunk\u00f3w, um\u00f3w cywilno-prawnych,<\/li>\n<li>Rozliczanie przejazd\u00f3w s\u0142u\u017cbowych komunikacj\u0105 miejsk\u0105,<\/li>\n<li>Wykonywanie wszelkich innych prac zwi\u0105zanych z prowadzeniem sekretariatu.<\/li>\n<\/ol>\n<p><strong>Zakres wymaga\u0144:<\/strong><\/p>\n<ul>\n<li>wykszta\u0142cenie wy\u017csze, preferowane administracja,<\/li>\n<li>minimum 2 letnie do\u015bwiadczenie na stanowisku w sekretariacie,<\/li>\n<li>dobra znajomo\u015b\u0107 pakietu MS Office,<\/li>\n<li>odporno\u015b\u0107 na stres, asertywno\u015b\u0107, odpowiedzialno\u015b\u0107, sumienno\u015b\u0107, terminowo\u015b\u0107, wielozadaniowo\u015b\u0107,<\/li>\n<li>umiej\u0119tno\u015b\u0107 ustalania priorytet\u00f3w oraz doskona\u0142ej organizacji pracy.<\/li>\n<\/ul>\n<p><strong>Wymagane dokumenty:<\/strong><\/p>\n<ol start=\"1\" type=\"1\">\n<li>list motywacyjny i \u017cyciorys (CV),<\/li>\n<li>kwestionariusz osobowy,<\/li>\n<li>kserokopia dyplomu potwierdzaj\u0105cego wykszta\u0142cenie,<\/li>\n<li>kserokopie dokument\u00f3w potwierdzaj\u0105cych do\u015bwiadczenie zawodowe (sta\u017c pracy),<\/li>\n<li>zgoda na przetwarzanie danych &#8211; o\u015bwiadczenie RODO,<\/li>\n<\/ol>\n<p><strong>Termin, spos\u00f3b i miejsce sk\u0142adania dokument\u00f3w:<\/strong><\/p>\n<p>Dokumenty nale\u017cy przes\u0142a\u0107 w terminie\u00a0<strong>do dnia 06.03.2023 r.<\/strong>\u00a0na adres:\u00a0<a href=\"mailto:sekretariat@siemck.pl\" target=\"_self\" rel=\"noopener\">sekretariat@siemck.pl<\/a><br \/>\nlub z\u0142o\u017cy\u0107 osobi\u015bcie lub przes\u0142a\u0107 poczt\u0105 na adres:<br \/>\nSiemianowickie Centrum Kultury<br \/>\nul. Niepodleg\u0142o\u015bci 45<br \/>\n41-106 Siemianowice \u015al\u0105skie<\/p>\n<p>&nbsp;<\/p>\n<p><a href=\"http:\/\/bip.siemck.pl\/m,42,oferty-pracy.html\">http:\/\/bip.siemck.pl\/m,42,oferty-pracy.html<\/a><\/p>\n","protected":false},"excerpt":{"rendered":"<p>Siemianowickie Centrum Kultury poszukuje pracownika\u00a0do obs\u0142ugi sekretariatu. Praca biurowa, pe\u0142ny etat. Miejsce pracy: Siemianowice \u015al\u0105skie Do obowi\u0105zk\u00f3w osoby zatrudnionej na tym stanowisku nale\u017ce\u0107 b\u0119dzie: Przyjmowanie interesant\u00f3w i prowadzenie kalendarza spotka\u0144 Dyrektora, Organizowanie spotka\u0144, narad oraz sporz\u0105dzenie z nich protoko\u0142\u00f3w, Odbi\u00f3r, rejestracja i rozdzia\u0142 korespondencji, Wysy\u0142anie korespondencji za po\u015brednictwem poczty, Obs\u0142uga sprz\u0119tu biurowego, Rejestrowanie faktur, rachunk\u00f3w, [&hellip;]<\/p>\n","protected":false},"author":12,"featured_media":22544,"comment_status":"closed","ping_status":"open","sticky":false,"template":"","format":"standard","meta":[],"categories":[1],"tags":[],"_links":{"self":[{"href":"https:\/\/www.siemck.pl\/wp-json\/wp\/v2\/posts\/22543"}],"collection":[{"href":"https:\/\/www.siemck.pl\/wp-json\/wp\/v2\/posts"}],"about":[{"href":"https:\/\/www.siemck.pl\/wp-json\/wp\/v2\/types\/post"}],"author":[{"embeddable":true,"href":"https:\/\/www.siemck.pl\/wp-json\/wp\/v2\/users\/12"}],"replies":[{"embeddable":true,"href":"https:\/\/www.siemck.pl\/wp-json\/wp\/v2\/comments?post=22543"}],"version-history":[{"count":1,"href":"https:\/\/www.siemck.pl\/wp-json\/wp\/v2\/posts\/22543\/revisions"}],"predecessor-version":[{"id":22545,"href":"https:\/\/www.siemck.pl\/wp-json\/wp\/v2\/posts\/22543\/revisions\/22545"}],"wp:featuredmedia":[{"embeddable":true,"href":"https:\/\/www.siemck.pl\/wp-json\/wp\/v2\/media\/22544"}],"wp:attachment":[{"href":"https:\/\/www.siemck.pl\/wp-json\/wp\/v2\/media?parent=22543"}],"wp:term":[{"taxonomy":"category","embeddable":true,"href":"https:\/\/www.siemck.pl\/wp-json\/wp\/v2\/categories?post=22543"},{"taxonomy":"post_tag","embeddable":true,"href":"https:\/\/www.siemck.pl\/wp-json\/wp\/v2\/tags?post=22543"}],"curies":[{"name":"wp","href":"https:\/\/api.w.org\/{rel}","templated":true}]}}