{"id":20961,"date":"2022-08-01T14:11:48","date_gmt":"2022-08-01T12:11:48","guid":{"rendered":"https:\/\/www.siemck.pl\/?p=20961"},"modified":"2022-08-01T14:11:48","modified_gmt":"2022-08-01T12:11:48","slug":"zegnamy-przyjaciolke","status":"publish","type":"post","link":"https:\/\/www.siemck.pl\/zegnamy-przyjaciolke\/","title":{"rendered":"\u017begnamy przyjaci\u00f3\u0142k\u0119"},"content":{"rendered":"<p>Z b\u00f3lem informujemy, \u017ce w nocy z soboty na niedziel\u0119 po walce z chorob\u0105 zmar\u0142a Ola Wojtyczka \u2013 nasza przyjaci\u00f3\u0142ka i kole\u017canka z pracy. Rodzinie i wszystkim Bliskim sk\u0142adamy najszczersze wyrazy wsp\u00f3\u0142czucia, jeste\u015bmy z Wami.<\/p>\n<p>Ola pracowa\u0142a z nami od kilku lat, wcze\u015bniej by\u0142a d\u0142ugo zwi\u0105zana zawodowo z TVP Katowice, ale niekt\u00f3rzy z nas znali Ol\u0119 ju\u017c od bardzo dawna. Kocha\u0142a r\u0119kodzie\u0142o, kwiaty, a przede wszystkim kontakt z lud\u017ami: zw\u0142aszcza taki, kt\u00f3ry dawa\u0142 fantastyczne efekty w postaci integracji mi\u0119dzyludzkiej i spajania wi\u0119zi. Te pasje wykorzystywa\u0142a w pracy \u2013 dlatego wielu z Was mia\u0142o zapewne szcz\u0119\u015bcie pozna\u0107 Ol\u0119 przy okazji r\u00f3\u017cnego typu dzia\u0142a\u0144 warsztatowych czy animacyjnych, a tak\u017ce kiermasz\u00f3w lub zaj\u0119\u0107 pracowni H2O i pracowni Okienko.<\/p>\n<p>W \u017cyciu prywatnym stworzy\u0142a prawdziwie kochaj\u0105c\u0105 si\u0119 rodzin\u0119, w kt\u00f3rej nigdy nie brakowa\u0142o czu\u0142o\u015bci, wzajemnego wsparcia i zrozumienia. Nie b\u0119dzie przesad\u0105 stwierdzenie, \u017ce gdyby trzeba by\u0142o komu\u015b pokaza\u0107, jak wygl\u0105da mi\u0142o\u015b\u0107, wystarczy\u0142o pokaza\u0107 rodzin\u0119 Wojtyczk\u00f3w. Trzy lata temu na t\u0119 wspania\u0142\u0105 rodzin\u0119 spad\u0142a inna ogromna tragedia \u2013 tragicznie zmar\u0142 ukochany m\u0105\u017c Oli \u2013 Piotr. Od tego czasu Ola podj\u0119\u0142a trudn\u0105 walk\u0119 o powr\u00f3t do \u017cycia przynajmniej cz\u0119\u015bciowo normalnego i zno\u015bnego. Za t\u0119 walk\u0119 wszyscy J\u0105 podziwiali\u015bmy, a tak\u017ce pr\u00f3bowali\u015bmy J\u0105 wspiera\u0107, cho\u0107 pewnie nie zawsze potrafili\u015bmy. Wiedzieli\u015bmy te\u017c, \u017ce wraz z Piotrem \u2013 cz\u0119\u015b\u0107 Oli odesz\u0142a bezpowrotnie. Mimo to \u2013 nadal, wyj\u0105tkowo cz\u0119sto, zdobywa\u0142a si\u0119 na u\u015bmiech i \u017cart.<\/p>\n<p>\u017bart zreszt\u0105 mia\u0142a nieprzeci\u0119tnie wyostrzony. By\u0142a jedn\u0105 z tych os\u00f3b, o kt\u00f3rych m\u00f3wi si\u0119 \u017cartobliwie \u201eaparatka\u201d \u2013 mia\u0142a zdolno\u015b\u0107 do uwa\u017cnej obserwacji i ironicznego komentowania rzeczywisto\u015bci, jednak zawsze robi\u0142a to z subtelno\u015bci\u0105, taktem i wdzi\u0119kiem, ku zadowoleniu otoczenia. Niekt\u00f3re z jej powiedzonek i trafnych okre\u015ble\u0144 na sta\u0142e wpisa\u0142y si\u0119 w wewn\u0119trzny \u017cargon naszej instytucji. Jednocze\u015bnie w trudnych momentach i w obliczu powa\u017cnych sytuacji wykazywa\u0142a si\u0119 empati\u0105, delikatno\u015bci\u0105 i odpowiedzialno\u015bci\u0105, nie stroni\u0105c od podejmowania koniecznego dzia\u0142ania. Przez pierwsze trzy miesi\u0105ce trwania wojny w Ukrainie by\u0142a jedn\u0105 z tych os\u00f3b, kt\u00f3re regularnie prowadzi\u0142y animacje dla uciekaj\u0105cych przed wojn\u0105 dzieci, kt\u00f3re przebywa\u0142y w punkcie noclegowo-wytchnieniowym na Pszczelniku. By\u0107 mo\u017ce najlepiej z nas rozumia\u0142a, jak to jest szuka\u0107 odrobiny rado\u015bci w najmroczniejszym czasie. A co do samego Pszczelnika \u2013 to od Oli dowiedzieliby\u015bcie si\u0119, dlaczego przet\u0142umaczenie niemieckiego \u201eBienhof\u201d na \u201ePszczelnik\u201d mog\u0142o by\u0107 b\u0142\u0119dne. Ola bowiem \u015bwietnie orientowa\u0142a si\u0119 w niuansach lokalnej historii, tej najmniejszej, najbli\u017cszej zwyk\u0142ym ludziom i sprawom dnia codziennego. Pasjonowa\u0142a si\u0119 tym w naturalny dla niej, organiczny spos\u00f3b. Mimo m\u0142odego wieku, du\u017co lepiej wiedzia\u0142a \u201eco kaj piyrwyj by\u0142o\u201d, ni\u017c niejedne \u201estarki i starziki\u201d.<\/p>\n<p>Kocha\u0142a te\u017c literatur\u0119 i film \u2013 wiele razy korzystali\u015bmy z jej rekomendacji, wymieniali\u015bmy si\u0119 ksi\u0105\u017ckami, toczyli\u015bmy dyskusje, a te \u2013 gdy bra\u0142a w nich udzia\u0142 Ola \u2013 nigdy nie by\u0142y ja\u0142owe.<br \/>\nOla stara\u0142a si\u0119 zawsze roztacza\u0107 wok\u00f3\u0142 siebie dobr\u0105 aur\u0119. Wiemy, \u017ce mimo tragedii, kt\u00f3ra si\u0119 wydarzy\u0142a, ogromna cz\u0119\u015b\u0107 tej aury pozostanie z nami zawsze.<\/p>\n<p>Chocia\u017c wiemy, co si\u0119 sta\u0142o, wci\u0105\u017c jeszcze niezupe\u0142nie wierzymy.<br \/>\nOlu, b\u0119dziemy bardzo t\u0119skni\u0107. \u017begnaj, pozdr\u00f3w Piotra.<\/p>\n","protected":false},"excerpt":{"rendered":"<p>Z b\u00f3lem informujemy, \u017ce w nocy z soboty na niedziel\u0119 po walce z chorob\u0105 zmar\u0142a Ola Wojtyczka \u2013 nasza przyjaci\u00f3\u0142ka i kole\u017canka z pracy. Rodzinie i wszystkim Bliskim sk\u0142adamy najszczersze wyrazy wsp\u00f3\u0142czucia, jeste\u015bmy z Wami. Ola pracowa\u0142a z nami od kilku lat, wcze\u015bniej by\u0142a d\u0142ugo zwi\u0105zana zawodowo z TVP Katowice, ale niekt\u00f3rzy z nas znali [&hellip;]<\/p>\n","protected":false},"author":6,"featured_media":20962,"comment_status":"closed","ping_status":"open","sticky":false,"template":"","format":"standard","meta":[],"categories":[1],"tags":[],"_links":{"self":[{"href":"https:\/\/www.siemck.pl\/wp-json\/wp\/v2\/posts\/20961"}],"collection":[{"href":"https:\/\/www.siemck.pl\/wp-json\/wp\/v2\/posts"}],"about":[{"href":"https:\/\/www.siemck.pl\/wp-json\/wp\/v2\/types\/post"}],"author":[{"embeddable":true,"href":"https:\/\/www.siemck.pl\/wp-json\/wp\/v2\/users\/6"}],"replies":[{"embeddable":true,"href":"https:\/\/www.siemck.pl\/wp-json\/wp\/v2\/comments?post=20961"}],"version-history":[{"count":1,"href":"https:\/\/www.siemck.pl\/wp-json\/wp\/v2\/posts\/20961\/revisions"}],"predecessor-version":[{"id":20963,"href":"https:\/\/www.siemck.pl\/wp-json\/wp\/v2\/posts\/20961\/revisions\/20963"}],"wp:featuredmedia":[{"embeddable":true,"href":"https:\/\/www.siemck.pl\/wp-json\/wp\/v2\/media\/20962"}],"wp:attachment":[{"href":"https:\/\/www.siemck.pl\/wp-json\/wp\/v2\/media?parent=20961"}],"wp:term":[{"taxonomy":"category","embeddable":true,"href":"https:\/\/www.siemck.pl\/wp-json\/wp\/v2\/categories?post=20961"},{"taxonomy":"post_tag","embeddable":true,"href":"https:\/\/www.siemck.pl\/wp-json\/wp\/v2\/tags?post=20961"}],"curies":[{"name":"wp","href":"https:\/\/api.w.org\/{rel}","templated":true}]}}