{"id":20400,"date":"2022-05-26T15:02:58","date_gmt":"2022-05-26T13:02:58","guid":{"rendered":"https:\/\/www.siemck.pl\/?p=20400"},"modified":"2022-05-26T15:11:54","modified_gmt":"2022-05-26T13:11:54","slug":"warsztaty-dla-rodzicow","status":"publish","type":"post","link":"https:\/\/www.siemck.pl\/warsztaty-dla-rodzicow\/","title":{"rendered":"Warsztaty dla rodzic\u00f3w"},"content":{"rendered":"<p><strong>\u201eBY Z \u017bO\u0141\u0118DZIA WYR\u00d3S\u0141 D\u0104B\u201d<\/strong><\/p>\n<p><strong>Jak szcz\u0119\u015bliwie \u017cy\u0107 z dzieckiem<\/strong><\/p>\n<p><strong>Warsztaty dla rodzic\u00f3w<\/strong><\/p>\n<p>&nbsp;<\/p>\n<p>Je\u015bli jeste\u015b rodzicem i pragniesz mie\u0107 dobre relacje z dzieckiem, a przez to pom\u00f3c mu kszta\u0142towa\u0107 jego osobowo\u015b\u0107, tak aby by\u0142o silne i nie ulega\u0142o negatywnym wp\u0142ywom &#8211;<\/p>\n<p>&#8211; PRZYJD\u0179 DO NAS!<\/p>\n<p>Warsztaty, kt\u00f3re prowadzimy s\u0142u\u017c\u0105 rozwojowi umiej\u0119tno\u015bci komunikowania si\u0119 i rozumienia dzieci. Uczymy kszta\u0142towa\u0107 zdrow\u0105 wi\u0119\u017a z dzie\u0107mi, kt\u00f3ra przyczynia si\u0119 do poczucia szcz\u0119\u015bcia w rodzinie.<\/p>\n<p><em>\u00a0<\/em>Zaj\u0119cia obejmuj\u0105 cykl 16 spotka\u0144 w grupie do 10 os\u00f3b o sta\u0142ym sk\u0142adzie.<\/p>\n<p>Spotkania odbywa\u0107 si\u0119 b\u0119d\u0105 w siedzibie Klubu Integracji Spo\u0142ecznej w Siemianowicach \u015al\u0105skich, ul. Topolowa 1, raz w tygodniu, we wtorki w godzinach 11.00 -13.00.<\/p>\n<p>Udzia\u0142 w warsztatach jest bezp\u0142atny\u00a0\u00a0\u00a0\u00a0\u00a0\u00a0\u00a0\u00a0\u00a0\u00a0\u00a0\u00a0\u00a0\u00a0\u00a0 .<\/p>\n<p>&nbsp;<\/p>\n<p>Zapisy na warsztaty przyjmujemy do dnia <strong>06.06.2022r<\/strong>.<\/p>\n<p>w KIS, ul. Topolowa 1<\/p>\n<p>lub telefonicznie pod numerem telefonu<\/p>\n<p>0 32\u00a0730 76 00 w godzinach 8:00 -14.00.<\/p>\n<p>&nbsp;<\/p>\n<p>Zaj\u0119cia planujemy rozpocz\u0105\u0107<\/p>\n<p>14.06.2022 r.<\/p>\n<p>&nbsp;<\/p>\n<p><strong>SERDECZNIE ZAPRASZAMY !<\/strong><\/p>\n","protected":false},"excerpt":{"rendered":"<p>\u201eBY Z \u017bO\u0141\u0118DZIA WYR\u00d3S\u0141 D\u0104B\u201d Jak szcz\u0119\u015bliwie \u017cy\u0107 z dzieckiem Warsztaty dla rodzic\u00f3w &nbsp; Je\u015bli jeste\u015b rodzicem i pragniesz mie\u0107 dobre relacje z dzieckiem, a przez to pom\u00f3c mu kszta\u0142towa\u0107 jego osobowo\u015b\u0107, tak aby by\u0142o silne i nie ulega\u0142o negatywnym wp\u0142ywom &#8211; &#8211; PRZYJD\u0179 DO NAS! Warsztaty, kt\u00f3re prowadzimy s\u0142u\u017c\u0105 rozwojowi umiej\u0119tno\u015bci komunikowania si\u0119 i [&hellip;]<\/p>\n","protected":false},"author":6,"featured_media":20401,"comment_status":"closed","ping_status":"open","sticky":false,"template":"","format":"standard","meta":[],"categories":[1],"tags":[],"_links":{"self":[{"href":"https:\/\/www.siemck.pl\/wp-json\/wp\/v2\/posts\/20400"}],"collection":[{"href":"https:\/\/www.siemck.pl\/wp-json\/wp\/v2\/posts"}],"about":[{"href":"https:\/\/www.siemck.pl\/wp-json\/wp\/v2\/types\/post"}],"author":[{"embeddable":true,"href":"https:\/\/www.siemck.pl\/wp-json\/wp\/v2\/users\/6"}],"replies":[{"embeddable":true,"href":"https:\/\/www.siemck.pl\/wp-json\/wp\/v2\/comments?post=20400"}],"version-history":[{"count":1,"href":"https:\/\/www.siemck.pl\/wp-json\/wp\/v2\/posts\/20400\/revisions"}],"predecessor-version":[{"id":20402,"href":"https:\/\/www.siemck.pl\/wp-json\/wp\/v2\/posts\/20400\/revisions\/20402"}],"wp:featuredmedia":[{"embeddable":true,"href":"https:\/\/www.siemck.pl\/wp-json\/wp\/v2\/media\/20401"}],"wp:attachment":[{"href":"https:\/\/www.siemck.pl\/wp-json\/wp\/v2\/media?parent=20400"}],"wp:term":[{"taxonomy":"category","embeddable":true,"href":"https:\/\/www.siemck.pl\/wp-json\/wp\/v2\/categories?post=20400"},{"taxonomy":"post_tag","embeddable":true,"href":"https:\/\/www.siemck.pl\/wp-json\/wp\/v2\/tags?post=20400"}],"curies":[{"name":"wp","href":"https:\/\/api.w.org\/{rel}","templated":true}]}}