{"id":20311,"date":"2022-05-23T15:20:34","date_gmt":"2022-05-23T13:20:34","guid":{"rendered":"https:\/\/www.siemck.pl\/?p=20311"},"modified":"2022-05-23T15:20:34","modified_gmt":"2022-05-23T13:20:34","slug":"ogolnopolski-konkurs-plastyczny-3kolory-wyniki","status":"publish","type":"post","link":"https:\/\/www.siemck.pl\/ogolnopolski-konkurs-plastyczny-3kolory-wyniki\/","title":{"rendered":"Og\u00f3lnopolski Konkurs Plastyczny 3Kolory &#8211; wyniki"},"content":{"rendered":"<div dir=\"auto\">Og\u00f3lnopolski Konkurs Plastyczny<\/div>\n<div dir=\"auto\">3Kolory &#8222;Kolorowy spos\u00f3b na samotno\u015b\u0107 i nud\u0119&#8221; rozstrzygni\u0119ty<span class=\"pq6dq46d tbxw36s4 knj5qynh kvgmc6g5 ditlmg2l oygrvhab nvdbi5me sf5mxxl7 gl3lb2sf hhz5lgdu\"><img loading=\"lazy\" src=\"https:\/\/static.xx.fbcdn.net\/images\/emoji.php\/v9\/t8e\/1\/16\/1f941.png\" alt=\"&#x1f941;\" width=\"16\" height=\"16\" \/><\/span><span class=\"pq6dq46d tbxw36s4 knj5qynh kvgmc6g5 ditlmg2l oygrvhab nvdbi5me sf5mxxl7 gl3lb2sf hhz5lgdu\"><img loading=\"lazy\" src=\"https:\/\/static.xx.fbcdn.net\/images\/emoji.php\/v9\/t8e\/1\/16\/1f941.png\" alt=\"&#x1f941;\" width=\"16\" height=\"16\" \/><\/span><span class=\"pq6dq46d tbxw36s4 knj5qynh kvgmc6g5 ditlmg2l oygrvhab nvdbi5me sf5mxxl7 gl3lb2sf hhz5lgdu\"><img loading=\"lazy\" src=\"https:\/\/static.xx.fbcdn.net\/images\/emoji.php\/v9\/t8e\/1\/16\/1f941.png\" alt=\"&#x1f941;\" width=\"16\" height=\"16\" \/><\/span><\/div>\n<div dir=\"auto\">Przyj\u0119li\u015bmy 466 prac z ca\u0142ej Polski!<\/div>\n<div dir=\"auto\">Prace s\u0105 fantastycznie kolorowe i bardzo inspiruj\u0105ce.<\/div>\n<div dir=\"auto\">Przedstawiamy protok\u00f3\u0142 z list\u0105 nagrodzonych:<\/div>\n<div dir=\"auto\"><a href=\"https:\/\/www.siemck.pl\/wp-content\/uploads\/protokol3kolory.pdf\">Lista nagrodzonych i wyr\u00f3\u017cnionych<\/a><\/div>\n<div dir=\"auto\"><a href=\"https:\/\/www.siemck.pl\/wp-content\/uploads\/3-kolory-WYROZNIENIA-HONOROWE.pdf\">WYR\u00d3\u017bNIENIA HONOROWE<\/a><\/div>\n","protected":false},"excerpt":{"rendered":"<p>Og\u00f3lnopolski Konkurs Plastyczny 3Kolory &#8222;Kolorowy spos\u00f3b na samotno\u015b\u0107 i nud\u0119&#8221; rozstrzygni\u0119ty Przyj\u0119li\u015bmy 466 prac z ca\u0142ej Polski! Prace s\u0105 fantastycznie kolorowe i bardzo inspiruj\u0105ce. Przedstawiamy protok\u00f3\u0142 z list\u0105 nagrodzonych: Lista nagrodzonych i wyr\u00f3\u017cnionych WYR\u00d3\u017bNIENIA HONOROWE<\/p>\n","protected":false},"author":5,"featured_media":20314,"comment_status":"closed","ping_status":"open","sticky":false,"template":"","format":"standard","meta":[],"categories":[1],"tags":[],"_links":{"self":[{"href":"https:\/\/www.siemck.pl\/wp-json\/wp\/v2\/posts\/20311"}],"collection":[{"href":"https:\/\/www.siemck.pl\/wp-json\/wp\/v2\/posts"}],"about":[{"href":"https:\/\/www.siemck.pl\/wp-json\/wp\/v2\/types\/post"}],"author":[{"embeddable":true,"href":"https:\/\/www.siemck.pl\/wp-json\/wp\/v2\/users\/5"}],"replies":[{"embeddable":true,"href":"https:\/\/www.siemck.pl\/wp-json\/wp\/v2\/comments?post=20311"}],"version-history":[{"count":1,"href":"https:\/\/www.siemck.pl\/wp-json\/wp\/v2\/posts\/20311\/revisions"}],"predecessor-version":[{"id":20315,"href":"https:\/\/www.siemck.pl\/wp-json\/wp\/v2\/posts\/20311\/revisions\/20315"}],"wp:featuredmedia":[{"embeddable":true,"href":"https:\/\/www.siemck.pl\/wp-json\/wp\/v2\/media\/20314"}],"wp:attachment":[{"href":"https:\/\/www.siemck.pl\/wp-json\/wp\/v2\/media?parent=20311"}],"wp:term":[{"taxonomy":"category","embeddable":true,"href":"https:\/\/www.siemck.pl\/wp-json\/wp\/v2\/categories?post=20311"},{"taxonomy":"post_tag","embeddable":true,"href":"https:\/\/www.siemck.pl\/wp-json\/wp\/v2\/tags?post=20311"}],"curies":[{"name":"wp","href":"https:\/\/api.w.org\/{rel}","templated":true}]}}