{"id":20250,"date":"2022-04-29T12:50:33","date_gmt":"2022-04-29T10:50:33","guid":{"rendered":"https:\/\/www.siemck.pl\/?p=20250"},"modified":"2022-04-29T13:13:14","modified_gmt":"2022-04-29T11:13:14","slug":"akcja-mojaflaga","status":"publish","type":"post","link":"https:\/\/www.siemck.pl\/akcja-mojaflaga\/","title":{"rendered":"Akcja #mojaflaga"},"content":{"rendered":"<p>W zwi\u0105zku ze zbli\u017caj\u0105cym si\u0119 <strong>Dniem Flagi<\/strong> zach\u0119camy do udzia\u0142u w akcji <strong>#mojaflaga<\/strong>.<br \/>\nKampania #mojaflaga na za zadanie przekona\u0107 Polak\u00f3w do wywieszenia 2 maja polskiej flagi, zrobienia zdj\u0119cia Bia\u0142o-Czerwonej<br \/>\ni opublikowania go w mediach spo\u0142eczno\u015bciowych z hasztagiem #mojaflaga.<\/p>\n<p>Zobacz spot:<\/p>\n<p><iframe loading=\"lazy\" title=\"Niepodleg\u0142a - #MojaFlaga \/\/ 2022\" width=\"960\" height=\"540\" src=\"https:\/\/www.youtube.com\/embed\/6yrUdTBOII4?feature=oembed\" frameborder=\"0\" allow=\"accelerometer; autoplay; clipboard-write; encrypted-media; gyroscope; picture-in-picture\" allowfullscreen><\/iframe><\/p>\n<pre class=\"moz-quote-pre\"><\/pre>\n","protected":false},"excerpt":{"rendered":"<p>W zwi\u0105zku ze zbli\u017caj\u0105cym si\u0119 Dniem Flagi zach\u0119camy do udzia\u0142u w akcji #mojaflaga. Kampania #mojaflaga na za zadanie przekona\u0107 Polak\u00f3w do wywieszenia 2 maja polskiej flagi, zrobienia zdj\u0119cia Bia\u0142o-Czerwonej i opublikowania go w mediach spo\u0142eczno\u015bciowych z hasztagiem #mojaflaga. Zobacz spot:<\/p>\n","protected":false},"author":6,"featured_media":18511,"comment_status":"closed","ping_status":"open","sticky":false,"template":"","format":"standard","meta":[],"categories":[1],"tags":[],"_links":{"self":[{"href":"https:\/\/www.siemck.pl\/wp-json\/wp\/v2\/posts\/20250"}],"collection":[{"href":"https:\/\/www.siemck.pl\/wp-json\/wp\/v2\/posts"}],"about":[{"href":"https:\/\/www.siemck.pl\/wp-json\/wp\/v2\/types\/post"}],"author":[{"embeddable":true,"href":"https:\/\/www.siemck.pl\/wp-json\/wp\/v2\/users\/6"}],"replies":[{"embeddable":true,"href":"https:\/\/www.siemck.pl\/wp-json\/wp\/v2\/comments?post=20250"}],"version-history":[{"count":1,"href":"https:\/\/www.siemck.pl\/wp-json\/wp\/v2\/posts\/20250\/revisions"}],"predecessor-version":[{"id":20252,"href":"https:\/\/www.siemck.pl\/wp-json\/wp\/v2\/posts\/20250\/revisions\/20252"}],"wp:featuredmedia":[{"embeddable":true,"href":"https:\/\/www.siemck.pl\/wp-json\/wp\/v2\/media\/18511"}],"wp:attachment":[{"href":"https:\/\/www.siemck.pl\/wp-json\/wp\/v2\/media?parent=20250"}],"wp:term":[{"taxonomy":"category","embeddable":true,"href":"https:\/\/www.siemck.pl\/wp-json\/wp\/v2\/categories?post=20250"},{"taxonomy":"post_tag","embeddable":true,"href":"https:\/\/www.siemck.pl\/wp-json\/wp\/v2\/tags?post=20250"}],"curies":[{"name":"wp","href":"https:\/\/api.w.org\/{rel}","templated":true}]}}