{"id":19761,"date":"2022-03-01T15:29:18","date_gmt":"2022-03-01T14:29:18","guid":{"rendered":"https:\/\/www.siemck.pl\/?p=19761"},"modified":"2022-03-02T14:18:10","modified_gmt":"2022-03-02T13:18:10","slug":"19761-2","status":"publish","type":"post","link":"https:\/\/www.siemck.pl\/19761-2\/","title":{"rendered":"Pomoc Ukrainie"},"content":{"rendered":"<div class=\"kvgmc6g5 cxmmr5t8 oygrvhab hcukyx3x c1et5uql ii04i59q\">\n<div dir=\"auto\"><strong>W obliczu tragedii, jaka spotka\u0142a nar\u00f3d ukrai\u0144ski otwieraj\u0105 si\u0119 szeroko ludzkie serca\u00a0<span class=\"pq6dq46d tbxw36s4 knj5qynh kvgmc6g5 ditlmg2l oygrvhab nvdbi5me sf5mxxl7 gl3lb2sf hhz5lgdu\"><img loading=\"lazy\" src=\"https:\/\/static.xx.fbcdn.net\/images\/emoji.php\/v9\/tc5\/1.5\/16\/1f499.png\" alt=\"&#x1f499;\" width=\"16\" height=\"16\" \/><\/span><span class=\"pq6dq46d tbxw36s4 knj5qynh kvgmc6g5 ditlmg2l oygrvhab nvdbi5me sf5mxxl7 gl3lb2sf hhz5lgdu\"><img loading=\"lazy\" src=\"https:\/\/static.xx.fbcdn.net\/images\/emoji.php\/v9\/t6e\/1.5\/16\/1f49b.png\" alt=\"&#x1f49b;\" width=\"16\" height=\"16\" \/><\/span><br \/>\nR\u00f3wnie\u017c w Siemianowicach mo\u017cna realnie pom\u00f3c, w\u0142\u0105cz\u0105j\u0105c si\u0119 w zbi\u00f3rki lub przekazuj\u0105c dary dla uchod\u017ac\u00f3w.<\/strong><\/div>\n<div dir=\"auto\"><\/div>\n<div dir=\"auto\"><\/div>\n<\/div>\n<div class=\"cxmmr5t8 oygrvhab hcukyx3x c1et5uql o9v6fnle ii04i59q\">\n<div dir=\"auto\">Wszelkie aktualne informacje znajdziecie na stronie internetowej uruchomionej przez Urz\u0105d Miasta Siemianowice \u015al\u0105skie:<\/div>\n<div dir=\"auto\"><span class=\"pq6dq46d tbxw36s4 knj5qynh kvgmc6g5 ditlmg2l oygrvhab nvdbi5me sf5mxxl7 gl3lb2sf hhz5lgdu\"><img loading=\"lazy\" src=\"https:\/\/static.xx.fbcdn.net\/images\/emoji.php\/v9\/t25\/1.5\/16\/27a1.png\" alt=\"&#x27a1;&#xfe0f;\" width=\"16\" height=\"16\" \/><\/span>\u00a0<a class=\"oajrlxb2 g5ia77u1 qu0x051f esr5mh6w e9989ue4 r7d6kgcz rq0escxv nhd2j8a9 nc684nl6 p7hjln8o kvgmc6g5 cxmmr5t8 oygrvhab hcukyx3x jb3vyjys rz4wbd8a qt6c0cv9 a8nywdso i1ao9s8h esuyzwwr f1sip0of lzcic4wl gpro0wi8 py34i1dx\" tabindex=\"0\" role=\"link\" href=\"http:\/\/siemianowice.pl\/aktualnosci\/pomoc-dla-ukrainy\/?fbclid=IwAR3ZOYB1kW7xgXvBOiPuZYSgzi0O3Afrc14bzvF6U2QD5GoJjSPeSK59Qcw\" target=\"\" rel=\"nofollow noopener\">http:\/\/siemianowice.pl\/aktualnosci\/pomoc-dla-ukrainy\/<\/a><\/div>\n<div dir=\"auto\"><\/div>\n<div dir=\"auto\"><\/div>\n<\/div>\n<div class=\"cxmmr5t8 oygrvhab hcukyx3x c1et5uql o9v6fnle ii04i59q\">\n<div dir=\"auto\">Caritas Krzy\u017c \u015awi\u0119ty w najbli\u017cszy weekend oraz w \u015arod\u0119 Popielcow\u0105, po ka\u017cdej Mszy \u015awi\u0119tej przeprowadzi zbi\u00f3rk\u0119 pieni\u0119\u017cn\u0105 oraz \u017cywno\u015bciow\u0105 (\u017cywno\u015b\u0107 d\u0142ugoterminowa).<\/div>\n<div dir=\"auto\">Godziny Mszy:<\/div>\n<div dir=\"auto\">sobota \u2013 18.00,<\/div>\n<div dir=\"auto\">niedziela \u2013 07.30, 09.00, 10.30, 12.00, 16.30, 19.00,<\/div>\n<div dir=\"auto\">\u015aroda Popielcowa \u2013 16.30, 18.00.<\/div>\n<div dir=\"auto\"><\/div>\n<div dir=\"auto\"><\/div>\n<\/div>\n<div class=\"cxmmr5t8 oygrvhab hcukyx3x c1et5uql o9v6fnle ii04i59q\">\n<div dir=\"auto\">Z Caritasem wsp\u00f3\u0142pracuj\u0105 wolontariusze z\u00a0<a class=\"oajrlxb2 g5ia77u1 qu0x051f esr5mh6w e9989ue4 r7d6kgcz rq0escxv nhd2j8a9 nc684nl6 p7hjln8o kvgmc6g5 cxmmr5t8 oygrvhab hcukyx3x jb3vyjys rz4wbd8a qt6c0cv9 a8nywdso i1ao9s8h esuyzwwr f1sip0of lzcic4wl gpro0wi8 q66pz984 b1v8xokw\" tabindex=\"0\" role=\"link\" href=\"https:\/\/www.facebook.com\/sniadeksiemce\/?__cft__[0]=AZUrfJY_M-zW-jiMUHLgO9KxtPbgJNRr-stjKz_e0NSy6j7SHWiOLK7j_oMeQNLxz_LelypnSqHcdCVt3-UuNeJCNnBBWTPXgrGIO0Nc4XSLkW7inBlC7M_DJDSsEU--vTgZF03WKhEezEv_wzdT0UxPKJmt3eJtcF4a_hknhN93EsAmW1Y7tI9iy4uW9A4-6_Q&amp;__tn__=kK-R\"><span class=\"nc684nl6\">I LO im. Jana \u015aniadeckiego w Siemianowicach \u015al\u0105skich<\/span><\/a>. W dniach 5-6 marca b\u0119d\u0105 pe\u0142ni\u0107 dy\u017cury w Oratorium w godzinach: sobota: od 18.00 do 19.00, niedziela: od 07.30 do13.00, a tak\u017ce od 16.30 do 20.00. W tym czasie b\u0119dzie mo\u017cna dostarczy\u0107 \u017cywno\u015b\u0107, \u015brodki czysto\u015bci, koce, r\u0119czniki, itd.<\/div>\n<\/div>\n<div dir=\"auto\"><\/div>\n<div dir=\"auto\"><\/div>\n<div dir=\"auto\">Od poniedzia\u0142ku zbi\u00f3rk\u0119 prowadzi r\u00f3wnie\u017c\u00a0<a class=\"oajrlxb2 g5ia77u1 qu0x051f esr5mh6w e9989ue4 r7d6kgcz rq0escxv nhd2j8a9 nc684nl6 p7hjln8o kvgmc6g5 cxmmr5t8 oygrvhab hcukyx3x jb3vyjys rz4wbd8a qt6c0cv9 a8nywdso i1ao9s8h esuyzwwr f1sip0of lzcic4wl gpro0wi8 q66pz984 b1v8xokw\" tabindex=\"0\" role=\"link\" href=\"https:\/\/www.facebook.com\/mateja2lo\/?__cft__[0]=AZW9MzuUZ80sQgKeNUXIKjCDg-otraEqDOk7PLmsQpVMdMky5x62iEuQw5cww1EvyUf9Tf4SHk2bCVKQY4FyOTKruQ7L1lzWAWRkLAvU0ye6X0y1e-2vlWG6AYBtQGs2QqraJhEQa8S_0vHLI-wUxXbwaU6fD4MIwH3YvyOYC-ojZkEZCFXvGTbiafSo60UiJFY&amp;__tn__=kK-R\"><span class=\"nc684nl6\">II Liceum Og\u00f3lnokszta\u0142c\u0105ce im. Jana Matejki w Siemianowicach \u015al\u0105skich<\/span><\/a><\/div>\n<div dir=\"auto\"><\/div>\n<div dir=\"auto\"><\/div>\n<div class=\"cxmmr5t8 oygrvhab hcukyx3x c1et5uql o9v6fnle ii04i59q\">\n<div dir=\"auto\">Zbi\u00f3rk\u0119 dar\u00f3w przeprowadza tak\u017ce\u00a0<a class=\"oajrlxb2 g5ia77u1 qu0x051f esr5mh6w e9989ue4 r7d6kgcz rq0escxv nhd2j8a9 nc684nl6 p7hjln8o kvgmc6g5 cxmmr5t8 oygrvhab hcukyx3x jb3vyjys rz4wbd8a qt6c0cv9 a8nywdso i1ao9s8h esuyzwwr f1sip0of lzcic4wl gpro0wi8 q66pz984 b1v8xokw\" tabindex=\"0\" role=\"link\" href=\"https:\/\/www.facebook.com\/Fundacja-Piastun-Wyr%C3%B3wnywanie-Szans-Oddzia%C5%82-Siemianowice-%C5%9Al%C4%85skie-2050375601945170\/?__cft__[0]=AZUrfJY_M-zW-jiMUHLgO9KxtPbgJNRr-stjKz_e0NSy6j7SHWiOLK7j_oMeQNLxz_LelypnSqHcdCVt3-UuNeJCNnBBWTPXgrGIO0Nc4XSLkW7inBlC7M_DJDSsEU--vTgZF03WKhEezEv_wzdT0UxPKJmt3eJtcF4a_hknhN93EsAmW1Y7tI9iy4uW9A4-6_Q&amp;__tn__=kK-R\"><span class=\"nc684nl6\">Fundacja Piastun Wyr\u00f3wnywanie Szans \u2013 Oddzia\u0142 Siemianowice \u015al\u0105skie<\/span><\/a>. Na profilu facebookowym znajdziecie list\u0119 potrzebnych rzeczy oraz adresy punkt\u00f3w, do kt\u00f3rych mo\u017cna je przynosi\u0107.<\/div>\n<div dir=\"auto\"><\/div>\n<div dir=\"auto\"><\/div>\n<\/div>\n<div class=\"cxmmr5t8 oygrvhab hcukyx3x c1et5uql o9v6fnle ii04i59q\">\n<div dir=\"auto\">Powsta\u0142a tak\u017ce pr\u0119\u017cnie dzia\u0142aj\u0105ca grupa facebookowa, stworzona przez mieszka\u0144c\u00f3w naszego miasta, pragn\u0105cych nie\u015b\u0107 pomoc:<\/div>\n<div dir=\"auto\"><span class=\"pq6dq46d tbxw36s4 knj5qynh kvgmc6g5 ditlmg2l oygrvhab nvdbi5me sf5mxxl7 gl3lb2sf hhz5lgdu\"><img loading=\"lazy\" src=\"https:\/\/static.xx.fbcdn.net\/images\/emoji.php\/v9\/t25\/1.5\/16\/27a1.png\" alt=\"&#x27a1;&#xfe0f;\" width=\"16\" height=\"16\" \/><\/span>\u00a0<a class=\"oajrlxb2 g5ia77u1 qu0x051f esr5mh6w e9989ue4 r7d6kgcz rq0escxv nhd2j8a9 nc684nl6 p7hjln8o kvgmc6g5 cxmmr5t8 oygrvhab hcukyx3x jb3vyjys rz4wbd8a qt6c0cv9 a8nywdso i1ao9s8h esuyzwwr f1sip0of lzcic4wl gpro0wi8 q66pz984 b1v8xokw\" tabindex=\"0\" role=\"link\" href=\"https:\/\/www.facebook.com\/groups\/337323664829644\/?__cft__[0]=AZUrfJY_M-zW-jiMUHLgO9KxtPbgJNRr-stjKz_e0NSy6j7SHWiOLK7j_oMeQNLxz_LelypnSqHcdCVt3-UuNeJCNnBBWTPXgrGIO0Nc4XSLkW7inBlC7M_DJDSsEU--vTgZF03WKhEezEv_wzdT0UxPKJmt3eJtcF4a_hknhN93EsAmW1Y7tI9iy4uW9A4-6_Q&amp;__tn__=-UK-R\"><span class=\"nc684nl6\">https:\/\/www.facebook.com\/groups\/337323664829644<\/span><\/a><\/div>\n<div dir=\"auto\"><\/div>\n<\/div>\n<div dir=\"auto\"><\/div>\n<div dir=\"auto\">Ju\u017c wkr\u00f3tce informacja co konkretnie mo\u017cna przynosi\u0107 do\u00a0<a class=\"oajrlxb2 g5ia77u1 qu0x051f esr5mh6w e9989ue4 r7d6kgcz rq0escxv nhd2j8a9 nc684nl6 p7hjln8o kvgmc6g5 cxmmr5t8 oygrvhab hcukyx3x jb3vyjys rz4wbd8a qt6c0cv9 a8nywdso i1ao9s8h esuyzwwr f1sip0of lzcic4wl gpro0wi8 q66pz984 b1v8xokw\" tabindex=\"0\" role=\"link\" href=\"https:\/\/www.facebook.com\/mosir.pszczelnik?__cft__[0]=AZW9MzuUZ80sQgKeNUXIKjCDg-otraEqDOk7PLmsQpVMdMky5x62iEuQw5cww1EvyUf9Tf4SHk2bCVKQY4FyOTKruQ7L1lzWAWRkLAvU0ye6X0y1e-2vlWG6AYBtQGs2QqraJhEQa8S_0vHLI-wUxXbwaU6fD4MIwH3YvyOYC-ojZkEZCFXvGTbiafSo60UiJFY&amp;__tn__=-]K-R\"><span class=\"nc684nl6\">MOSiR Pszczelnik<\/span><\/a>\u00a0Kompleks Sportowy Micha\u0142 i Hala Tenisowa.<\/div>\n<div class=\"cxmmr5t8 oygrvhab hcukyx3x c1et5uql o9v6fnle ii04i59q\">\n<div dir=\"auto\"><\/div>\n<div dir=\"auto\"><\/div>\n<\/div>\n<div class=\"cxmmr5t8 oygrvhab hcukyx3x c1et5uql o9v6fnle ii04i59q\">\n<div dir=\"auto\">O kolejnych inicjatywach i zbi\u00f3rkach b\u0119dziemy informowa\u0107 na bie\u017c\u0105co.<\/div>\n<\/div>\n","protected":false},"excerpt":{"rendered":"<p>W obliczu tragedii, jaka spotka\u0142a nar\u00f3d ukrai\u0144ski otwieraj\u0105 si\u0119 szeroko ludzkie serca\u00a0 R\u00f3wnie\u017c w Siemianowicach mo\u017cna realnie pom\u00f3c, w\u0142\u0105cz\u0105j\u0105c si\u0119 w zbi\u00f3rki lub przekazuj\u0105c dary dla uchod\u017ac\u00f3w. Wszelkie aktualne informacje znajdziecie na stronie internetowej uruchomionej przez Urz\u0105d Miasta Siemianowice \u015al\u0105skie: \u00a0http:\/\/siemianowice.pl\/aktualnosci\/pomoc-dla-ukrainy\/ Caritas Krzy\u017c \u015awi\u0119ty w najbli\u017cszy weekend oraz w \u015arod\u0119 Popielcow\u0105, po ka\u017cdej Mszy \u015awi\u0119tej [&hellip;]<\/p>\n","protected":false},"author":6,"featured_media":19754,"comment_status":"closed","ping_status":"open","sticky":false,"template":"","format":"standard","meta":[],"categories":[1],"tags":[],"_links":{"self":[{"href":"https:\/\/www.siemck.pl\/wp-json\/wp\/v2\/posts\/19761"}],"collection":[{"href":"https:\/\/www.siemck.pl\/wp-json\/wp\/v2\/posts"}],"about":[{"href":"https:\/\/www.siemck.pl\/wp-json\/wp\/v2\/types\/post"}],"author":[{"embeddable":true,"href":"https:\/\/www.siemck.pl\/wp-json\/wp\/v2\/users\/6"}],"replies":[{"embeddable":true,"href":"https:\/\/www.siemck.pl\/wp-json\/wp\/v2\/comments?post=19761"}],"version-history":[{"count":2,"href":"https:\/\/www.siemck.pl\/wp-json\/wp\/v2\/posts\/19761\/revisions"}],"predecessor-version":[{"id":19763,"href":"https:\/\/www.siemck.pl\/wp-json\/wp\/v2\/posts\/19761\/revisions\/19763"}],"wp:featuredmedia":[{"embeddable":true,"href":"https:\/\/www.siemck.pl\/wp-json\/wp\/v2\/media\/19754"}],"wp:attachment":[{"href":"https:\/\/www.siemck.pl\/wp-json\/wp\/v2\/media?parent=19761"}],"wp:term":[{"taxonomy":"category","embeddable":true,"href":"https:\/\/www.siemck.pl\/wp-json\/wp\/v2\/categories?post=19761"},{"taxonomy":"post_tag","embeddable":true,"href":"https:\/\/www.siemck.pl\/wp-json\/wp\/v2\/tags?post=19761"}],"curies":[{"name":"wp","href":"https:\/\/api.w.org\/{rel}","templated":true}]}}