{"id":19116,"date":"2021-12-23T09:49:22","date_gmt":"2021-12-23T08:49:22","guid":{"rendered":"https:\/\/www.siemck.pl\/?p=19116"},"modified":"2022-09-08T09:10:30","modified_gmt":"2022-09-08T07:10:30","slug":"zyczenia-bozonarodzeniowe","status":"publish","type":"post","link":"https:\/\/www.siemck.pl\/zyczenia-bozonarodzeniowe\/","title":{"rendered":"\u017byczenia Bo\u017conarodzeniowe"},"content":{"rendered":"<p style=\"text-align: left;\">Szanowni Pa\u0144stwo!<\/p>\n<p style=\"text-align: left;\">Z okazji zbli\u017caj\u0105cych si\u0119 \u015awi\u0105t Bo\u017cego Narodzenia \u017cyczymy Wam, aby w ten szczeg\u00f3lny czas w Waszych domach zago\u015bci\u0142y zdrowie, szcz\u0119\u015bcie i spok\u00f3j, aby\u015bcie mogli te chwile sp\u0119dzi\u0107 w rodzinnej atmosferze oraz by \u015bwi\u0105teczny nastr\u00f3j pozosta\u0142 z Wami jak najd\u0142u\u017cej, a pomy\u015blno\u015b\u0107 nigdy Was nie opuszcza\u0142a.<\/p>\n<p style=\"text-align: left;\">Serdecznie dzi\u0119kujemy za zaufanie i obecno\u015b\u0107 na wydarzeniach organizowanych przez Siemianowickie Centrum Kultury, za wsp\u00f3lny czas i dobre relacje w mijaj\u0105cym roku. Wierzymy, \u017ce w roku kolejnym zn\u00f3w spotkamy si\u0119 wielokrotnie, aby do\u015bwiadcza\u0107 niezapomnianych emocji i artystycznych wra\u017ce\u0144.<\/p>\n<p style=\"text-align: left;\">Szcz\u0119\u015bliwego Nowego Roku!<\/p>\n<p>Dyrekcja i zesp\u00f3\u0142 pracownik\u00f3w<\/p>\n<p>Siemianowickiego Centrum Kultury<\/p>\n","protected":false},"excerpt":{"rendered":"<p>Szanowni Pa\u0144stwo! Z okazji zbli\u017caj\u0105cych si\u0119 \u015awi\u0105t Bo\u017cego Narodzenia \u017cyczymy Wam, aby w ten szczeg\u00f3lny czas w Waszych domach zago\u015bci\u0142y zdrowie, szcz\u0119\u015bcie i spok\u00f3j, aby\u015bcie mogli te chwile sp\u0119dzi\u0107 w rodzinnej atmosferze oraz by \u015bwi\u0105teczny nastr\u00f3j pozosta\u0142 z Wami jak najd\u0142u\u017cej, a pomy\u015blno\u015b\u0107 nigdy Was nie opuszcza\u0142a. Serdecznie dzi\u0119kujemy za zaufanie i obecno\u015b\u0107 na wydarzeniach [&hellip;]<\/p>\n","protected":false},"author":9,"featured_media":19117,"comment_status":"closed","ping_status":"open","sticky":false,"template":"","format":"standard","meta":[],"categories":[1],"tags":[],"_links":{"self":[{"href":"https:\/\/www.siemck.pl\/wp-json\/wp\/v2\/posts\/19116"}],"collection":[{"href":"https:\/\/www.siemck.pl\/wp-json\/wp\/v2\/posts"}],"about":[{"href":"https:\/\/www.siemck.pl\/wp-json\/wp\/v2\/types\/post"}],"author":[{"embeddable":true,"href":"https:\/\/www.siemck.pl\/wp-json\/wp\/v2\/users\/9"}],"replies":[{"embeddable":true,"href":"https:\/\/www.siemck.pl\/wp-json\/wp\/v2\/comments?post=19116"}],"version-history":[{"count":4,"href":"https:\/\/www.siemck.pl\/wp-json\/wp\/v2\/posts\/19116\/revisions"}],"predecessor-version":[{"id":19121,"href":"https:\/\/www.siemck.pl\/wp-json\/wp\/v2\/posts\/19116\/revisions\/19121"}],"wp:featuredmedia":[{"embeddable":true,"href":"https:\/\/www.siemck.pl\/wp-json\/wp\/v2\/media\/19117"}],"wp:attachment":[{"href":"https:\/\/www.siemck.pl\/wp-json\/wp\/v2\/media?parent=19116"}],"wp:term":[{"taxonomy":"category","embeddable":true,"href":"https:\/\/www.siemck.pl\/wp-json\/wp\/v2\/categories?post=19116"},{"taxonomy":"post_tag","embeddable":true,"href":"https:\/\/www.siemck.pl\/wp-json\/wp\/v2\/tags?post=19116"}],"curies":[{"name":"wp","href":"https:\/\/api.w.org\/{rel}","templated":true}]}}