{"id":18952,"date":"2021-12-10T13:07:51","date_gmt":"2021-12-10T12:07:51","guid":{"rendered":"https:\/\/www.siemck.pl\/?p=18952"},"modified":"2021-12-10T13:07:51","modified_gmt":"2021-12-10T12:07:51","slug":"ostatnie-pozegnanie-krzysztofa-roga","status":"publish","type":"post","link":"https:\/\/www.siemck.pl\/ostatnie-pozegnanie-krzysztofa-roga\/","title":{"rendered":"Ostatnie po\u017cegnanie Krzysztofa Roga"},"content":{"rendered":"<p>Informujemy, \u017ce msza \u015bwi\u0119ta pogrzebowa Krzysztofa Roga odb\u0119dzie si\u0119 17 grudnia o godzinie 13.00 w ko\u015bciele pw. Przemienienia Pa\u0144skiego w Katowicach.<\/p>\n<p><img loading=\"lazy\" class=\"alignnone size-medium wp-image-18953\" src=\"https:\/\/www.siemck.pl\/wp-content\/uploads\/klepsydra-400x283.jpg\" alt=\"\" width=\"400\" height=\"283\" srcset=\"https:\/\/www.siemck.pl\/wp-content\/uploads\/klepsydra-400x283.jpg 400w, https:\/\/www.siemck.pl\/wp-content\/uploads\/klepsydra-768x543.jpg 768w, https:\/\/www.siemck.pl\/wp-content\/uploads\/klepsydra-2000x1414.jpg 2000w, https:\/\/www.siemck.pl\/wp-content\/uploads\/klepsydra-600x424.jpg 600w\" sizes=\"(max-width: 400px) 100vw, 400px\" \/><\/p>\n","protected":false},"excerpt":{"rendered":"<p>Informujemy, \u017ce msza \u015bwi\u0119ta pogrzebowa Krzysztofa Roga odb\u0119dzie si\u0119 17 grudnia o godzinie 13.00 w ko\u015bciele pw. Przemienienia Pa\u0144skiego w Katowicach.<\/p>\n","protected":false},"author":6,"featured_media":18953,"comment_status":"closed","ping_status":"open","sticky":false,"template":"","format":"standard","meta":[],"categories":[1],"tags":[],"_links":{"self":[{"href":"https:\/\/www.siemck.pl\/wp-json\/wp\/v2\/posts\/18952"}],"collection":[{"href":"https:\/\/www.siemck.pl\/wp-json\/wp\/v2\/posts"}],"about":[{"href":"https:\/\/www.siemck.pl\/wp-json\/wp\/v2\/types\/post"}],"author":[{"embeddable":true,"href":"https:\/\/www.siemck.pl\/wp-json\/wp\/v2\/users\/6"}],"replies":[{"embeddable":true,"href":"https:\/\/www.siemck.pl\/wp-json\/wp\/v2\/comments?post=18952"}],"version-history":[{"count":1,"href":"https:\/\/www.siemck.pl\/wp-json\/wp\/v2\/posts\/18952\/revisions"}],"predecessor-version":[{"id":18954,"href":"https:\/\/www.siemck.pl\/wp-json\/wp\/v2\/posts\/18952\/revisions\/18954"}],"wp:featuredmedia":[{"embeddable":true,"href":"https:\/\/www.siemck.pl\/wp-json\/wp\/v2\/media\/18953"}],"wp:attachment":[{"href":"https:\/\/www.siemck.pl\/wp-json\/wp\/v2\/media?parent=18952"}],"wp:term":[{"taxonomy":"category","embeddable":true,"href":"https:\/\/www.siemck.pl\/wp-json\/wp\/v2\/categories?post=18952"},{"taxonomy":"post_tag","embeddable":true,"href":"https:\/\/www.siemck.pl\/wp-json\/wp\/v2\/tags?post=18952"}],"curies":[{"name":"wp","href":"https:\/\/api.w.org\/{rel}","templated":true}]}}