{"id":17079,"date":"2021-05-25T13:48:56","date_gmt":"2021-05-25T11:48:56","guid":{"rendered":"https:\/\/siemck.pl\/?p=17079"},"modified":"2021-05-25T13:48:56","modified_gmt":"2021-05-25T11:48:56","slug":"balonowy-dzien-dziecka-informacja-sponsorowana","status":"publish","type":"post","link":"https:\/\/www.siemck.pl\/balonowy-dzien-dziecka-informacja-sponsorowana\/","title":{"rendered":"Balonowy dzie\u0144 dziecka &#8211; informacja sponsorowana"},"content":{"rendered":"<p style=\"line-height: 19.9pt; background: white; vertical-align: baseline; margin: 5.0pt 0cm 15.0pt 36.0pt;\"><span style=\"color: black;\">Ju\u017c w sobot\u0119 29-ego maja od 12ej do 18ej Centrum Handlowe OMNI przy ul. Jagie\u0142\u0142y 4 zaprasza na balonowy Dzie\u0144 Dziecka!<\/span><\/p>\n<p style=\"line-height: 19.9pt; background: white; vertical-align: baseline; margin: 5.0pt 0cm 15.0pt 36.0pt;\"><span style=\"color: black;\">Zr\u00f3b zakupy za minimum 50z\u0142 i odbierz dla swojego dziecka lataj\u0105cy balon!<\/span><\/p>\n<p style=\"line-height: 19.9pt; background: white; vertical-align: baseline; margin: 5.0pt 0cm 15.0pt 36.0pt;\"><span style=\"color: black;\">Dla ma\u0142ych \u0142akomczuszk\u00f3w przygotowali\u015bmy s\u0142odki pocz\u0119stunek.\u00a0 <\/span><\/p>\n<p style=\"line-height: 19.9pt; background: white; vertical-align: baseline; margin: 5.0pt 0cm 15.0pt 36.0pt;\"><span style=\"color: black;\">Zapraszamy od 12ej!!<\/span><\/p>\n","protected":false},"excerpt":{"rendered":"<p>Ju\u017c w sobot\u0119 29-ego maja od 12ej do 18ej Centrum Handlowe OMNI przy ul. Jagie\u0142\u0142y 4 zaprasza na balonowy Dzie\u0144 Dziecka! Zr\u00f3b zakupy za minimum 50z\u0142 i odbierz dla swojego dziecka lataj\u0105cy balon! Dla ma\u0142ych \u0142akomczuszk\u00f3w przygotowali\u015bmy s\u0142odki pocz\u0119stunek.\u00a0 Zapraszamy od 12ej!!<\/p>\n","protected":false},"author":5,"featured_media":17080,"comment_status":"closed","ping_status":"open","sticky":false,"template":"","format":"standard","meta":[],"categories":[1,88],"tags":[],"_links":{"self":[{"href":"https:\/\/www.siemck.pl\/wp-json\/wp\/v2\/posts\/17079"}],"collection":[{"href":"https:\/\/www.siemck.pl\/wp-json\/wp\/v2\/posts"}],"about":[{"href":"https:\/\/www.siemck.pl\/wp-json\/wp\/v2\/types\/post"}],"author":[{"embeddable":true,"href":"https:\/\/www.siemck.pl\/wp-json\/wp\/v2\/users\/5"}],"replies":[{"embeddable":true,"href":"https:\/\/www.siemck.pl\/wp-json\/wp\/v2\/comments?post=17079"}],"version-history":[{"count":1,"href":"https:\/\/www.siemck.pl\/wp-json\/wp\/v2\/posts\/17079\/revisions"}],"predecessor-version":[{"id":17081,"href":"https:\/\/www.siemck.pl\/wp-json\/wp\/v2\/posts\/17079\/revisions\/17081"}],"wp:featuredmedia":[{"embeddable":true,"href":"https:\/\/www.siemck.pl\/wp-json\/wp\/v2\/media\/17080"}],"wp:attachment":[{"href":"https:\/\/www.siemck.pl\/wp-json\/wp\/v2\/media?parent=17079"}],"wp:term":[{"taxonomy":"category","embeddable":true,"href":"https:\/\/www.siemck.pl\/wp-json\/wp\/v2\/categories?post=17079"},{"taxonomy":"post_tag","embeddable":true,"href":"https:\/\/www.siemck.pl\/wp-json\/wp\/v2\/tags?post=17079"}],"curies":[{"name":"wp","href":"https:\/\/api.w.org\/{rel}","templated":true}]}}