{"id":12218,"date":"2019-09-02T13:55:50","date_gmt":"2019-09-02T11:55:50","guid":{"rendered":"https:\/\/siemck.pl\/?p=12218"},"modified":"2019-09-03T10:56:35","modified_gmt":"2019-09-03T08:56:35","slug":"ruszaja-zajecia-popoludniowe-dla-dzieci-i-doroslych","status":"publish","type":"post","link":"https:\/\/www.siemck.pl\/ruszaja-zajecia-popoludniowe-dla-dzieci-i-doroslych\/","title":{"rendered":"Ruszaj\u0105 zaj\u0119cia popo\u0142udniowe dla dzieci i doros\u0142ych!"},"content":{"rendered":"<p>Siemianowickie Centrum Kultury zaprasza wszystkich zainteresowanych na spotkania organizacyjne z instruktorami zaj\u0119\u0107 popo\u0142udniowych.<\/p>\n<p>Wszelkich Informacji o sekcjach dzia\u0142aj\u0105cych w SCK udzielaj\u0105 :<\/p>\n<p>W SCK Bytk\u00f3w Anna Jakubowska tel. 32\u00a0228 72 80 wew. 19 \/ 606\u00a0973\u00a0406<\/p>\n<p>W SCK Park Tradycji Anna Moj-\u0141ukasik tel. 32\u00a0765 27 40\/ 782\u00a0808\u00a0802<\/p>\n<p>&nbsp;<\/p>\n<p>*Liczba miejsc ograniczona. W pierwszej kolejno\u015bci zostan\u0105 przyj\u0119te osoby kontynuuj\u0105ce udzia\u0142 w zaj\u0119ciach.<\/p>\n<p>&nbsp;<\/p>\n<p>Harmonogram spotka\u0144:<\/p>\n<p><a href=\"https:\/\/siemck.pl\/wp-content\/uploads\/sekcje-wrzesie\u0144-2019-pdf-1.pdf\">sekcje wrzesie\u0144 2019 &#8211; pdf<\/a><\/p>\n<p>&nbsp;<\/p>\n","protected":false},"excerpt":{"rendered":"<p>Siemianowickie Centrum Kultury zaprasza wszystkich zainteresowanych na spotkania organizacyjne z instruktorami zaj\u0119\u0107 popo\u0142udniowych. Wszelkich Informacji o sekcjach dzia\u0142aj\u0105cych w SCK udzielaj\u0105 : W SCK Bytk\u00f3w Anna Jakubowska tel. 32\u00a0228 72 80 wew. 19 \/ 606\u00a0973\u00a0406 W SCK Park Tradycji Anna Moj-\u0141ukasik tel. 32\u00a0765 27 40\/ 782\u00a0808\u00a0802 &nbsp; *Liczba miejsc ograniczona. W pierwszej kolejno\u015bci zostan\u0105 przyj\u0119te [&hellip;]<\/p>\n","protected":false},"author":8,"featured_media":9787,"comment_status":"closed","ping_status":"open","sticky":false,"template":"","format":"standard","meta":[],"categories":[1],"tags":[],"_links":{"self":[{"href":"https:\/\/www.siemck.pl\/wp-json\/wp\/v2\/posts\/12218"}],"collection":[{"href":"https:\/\/www.siemck.pl\/wp-json\/wp\/v2\/posts"}],"about":[{"href":"https:\/\/www.siemck.pl\/wp-json\/wp\/v2\/types\/post"}],"author":[{"embeddable":true,"href":"https:\/\/www.siemck.pl\/wp-json\/wp\/v2\/users\/8"}],"replies":[{"embeddable":true,"href":"https:\/\/www.siemck.pl\/wp-json\/wp\/v2\/comments?post=12218"}],"version-history":[{"count":3,"href":"https:\/\/www.siemck.pl\/wp-json\/wp\/v2\/posts\/12218\/revisions"}],"predecessor-version":[{"id":12230,"href":"https:\/\/www.siemck.pl\/wp-json\/wp\/v2\/posts\/12218\/revisions\/12230"}],"wp:featuredmedia":[{"embeddable":true,"href":"https:\/\/www.siemck.pl\/wp-json\/wp\/v2\/media\/9787"}],"wp:attachment":[{"href":"https:\/\/www.siemck.pl\/wp-json\/wp\/v2\/media?parent=12218"}],"wp:term":[{"taxonomy":"category","embeddable":true,"href":"https:\/\/www.siemck.pl\/wp-json\/wp\/v2\/categories?post=12218"},{"taxonomy":"post_tag","embeddable":true,"href":"https:\/\/www.siemck.pl\/wp-json\/wp\/v2\/tags?post=12218"}],"curies":[{"name":"wp","href":"https:\/\/api.w.org\/{rel}","templated":true}]}}