{"id":12206,"date":"2019-08-20T11:53:37","date_gmt":"2019-08-20T09:53:37","guid":{"rendered":"https:\/\/siemck.pl\/?p=12206"},"modified":"2019-09-05T10:51:06","modified_gmt":"2019-09-05T08:51:06","slug":"karbidka-2019-juz-za-dwa-miesiace","status":"publish","type":"post","link":"https:\/\/www.siemck.pl\/karbidka-2019-juz-za-dwa-miesiace\/","title":{"rendered":"Karbidka 2019 ju\u017c w pa\u017adzierniku!"},"content":{"rendered":"<p style=\"font-weight: 400;\">Festiwal Teatralny Ma\u0142ych Form KARBIDKA zosta\u0142 zainicjowany w Siemianowickim Centrum Kultury w 2013 roku. Organizacja festiwalu jest odpowiedzi\u0105 na rosn\u0105ca potrzeb\u0119 prezentacji, promocji i popularyzacji teatru w spo\u0142ecze\u0144stwie. KARBIDKA sta\u0142a si\u0119 miejscem prezentacji, kt\u00f3rego brakuje dla wielu grup, teatr\u00f3w, artyst\u00f3w, tw\u00f3rc\u00f3w, kt\u00f3rzy cz\u0119stokro\u0107 mog\u0105 pochwali\u0107 si\u0119 bogatym dorobkiem artystycznym lub artystycznym wykszta\u0142ceniem, jednak nie maj\u0105 mo\u017cliwo\u015b\u0107 uczestnictwa w festiwalach teatr\u00f3w zawodowych, poniewa\u017c takimi nie s\u0105, za\u015b na przegl\u0105dach ukierunkowanych dla m\u0142odych tw\u00f3rc\u00f3w brakuje dla nich miejsca, poniewa\u017c s\u0105 zbyt profesjonalni. Istnieje wiele teatr\u00f3w o bogatym repertuarze, czasami z w\u0142asn\u0105 scen\u0105\u00a0i zapleczem, kt\u00f3re pr\u00f3buj\u0105 zerwa\u0107 z \u201ebylejako\u015bci\u0105\u201d i amatorszczyzn\u0105.<\/p>\n<p style=\"font-weight: 400;\">Festiwal skierowany jest dla ludzi, kt\u00f3rzy w teatrze, w sztuce postrzegaj\u0105 sens, ide\u0119 oraz mo\u017cliwo\u015b\u0107 komunikacji.<\/p>\n<p style=\"font-weight: 400;\">Festiwal ma charakter konkursowy, st\u0105d te\u017c udzia\u0142 jury. Za ka\u017cdym razem osoby oceniaj\u0105ce wyst\u0119puj\u0105cych s\u0105 wyj\u0105tkowymi postaciami zwi\u0105zanymi z \u017cyciem teatralnym \u2013 dyrektorzy publicznych teatr\u00f3w, kierownicy literaccy, redaktorzy, niezale\u017cni tw\u00f3rcy o bogatym dorobku artystycznym.<\/p>\n<p style=\"font-weight: 400;\">W poprzednich edycjach wyst\u0119powali arty\u015bci m in. z Wroc\u0142awia, B\u0119dzina, Orzesza, Cz\u0119stochowy, Katowic, Krakowa, Stalowej Woli. Teatry prezentuj\u0105 r\u00f3\u017cny rodzaj wypowiedzi artystycznej \u2013 monodramy, kreacje zbiorowe, teatry s\u0142owa, ruchu.<\/p>\n<p style=\"font-weight: 400;\">Zapraszamy na KARBIDK\u0118 2019!<\/p>\n<p style=\"font-weight: 400;\"><strong>25-26 pa\u017adziernika 2019.<\/strong><\/p>\n<p>&nbsp;<\/p>\n<p>Poni\u017cej karta zg\u0142oszenia:<\/p>\n<p><a href=\"https:\/\/siemck.pl\/wp-content\/uploads\/KARBIDKA-2019-REGULAMIN-I-KARTA-ZG\u0141OSZENIA-.docx\">KARBIDKA 2019 &#8211; REGULAMIN I KARTA ZG\u0141OSZENIA<\/a><\/p>\n<p>&nbsp;<\/p>\n","protected":false},"excerpt":{"rendered":"<p>Festiwal Teatralny Ma\u0142ych Form KARBIDKA zosta\u0142 zainicjowany w Siemianowickim Centrum Kultury w 2013 roku. Organizacja festiwalu jest odpowiedzi\u0105 na rosn\u0105ca potrzeb\u0119 prezentacji, promocji i popularyzacji teatru w spo\u0142ecze\u0144stwie. KARBIDKA sta\u0142a si\u0119 miejscem prezentacji, kt\u00f3rego brakuje dla wielu grup, teatr\u00f3w, artyst\u00f3w, tw\u00f3rc\u00f3w, kt\u00f3rzy cz\u0119stokro\u0107 mog\u0105 pochwali\u0107 si\u0119 bogatym dorobkiem artystycznym lub artystycznym wykszta\u0142ceniem, jednak nie maj\u0105 [&hellip;]<\/p>\n","protected":false},"author":8,"featured_media":12207,"comment_status":"closed","ping_status":"open","sticky":false,"template":"","format":"standard","meta":[],"categories":[1],"tags":[],"_links":{"self":[{"href":"https:\/\/www.siemck.pl\/wp-json\/wp\/v2\/posts\/12206"}],"collection":[{"href":"https:\/\/www.siemck.pl\/wp-json\/wp\/v2\/posts"}],"about":[{"href":"https:\/\/www.siemck.pl\/wp-json\/wp\/v2\/types\/post"}],"author":[{"embeddable":true,"href":"https:\/\/www.siemck.pl\/wp-json\/wp\/v2\/users\/8"}],"replies":[{"embeddable":true,"href":"https:\/\/www.siemck.pl\/wp-json\/wp\/v2\/comments?post=12206"}],"version-history":[{"count":2,"href":"https:\/\/www.siemck.pl\/wp-json\/wp\/v2\/posts\/12206\/revisions"}],"predecessor-version":[{"id":12244,"href":"https:\/\/www.siemck.pl\/wp-json\/wp\/v2\/posts\/12206\/revisions\/12244"}],"wp:featuredmedia":[{"embeddable":true,"href":"https:\/\/www.siemck.pl\/wp-json\/wp\/v2\/media\/12207"}],"wp:attachment":[{"href":"https:\/\/www.siemck.pl\/wp-json\/wp\/v2\/media?parent=12206"}],"wp:term":[{"taxonomy":"category","embeddable":true,"href":"https:\/\/www.siemck.pl\/wp-json\/wp\/v2\/categories?post=12206"},{"taxonomy":"post_tag","embeddable":true,"href":"https:\/\/www.siemck.pl\/wp-json\/wp\/v2\/tags?post=12206"}],"curies":[{"name":"wp","href":"https:\/\/api.w.org\/{rel}","templated":true}]}}