{"id":12004,"date":"2019-06-27T14:01:52","date_gmt":"2019-06-27T12:01:52","guid":{"rendered":"https:\/\/siemck.pl\/?p=12004"},"modified":"2019-06-27T14:01:52","modified_gmt":"2019-06-27T12:01:52","slug":"godziny-otwarcia-kasy-w-sck-bytkow","status":"publish","type":"post","link":"https:\/\/www.siemck.pl\/godziny-otwarcia-kasy-w-sck-bytkow\/","title":{"rendered":"Godziny otwarcia kasy w SCK &#8211; Bytk\u00f3w"},"content":{"rendered":"<p>Informujemy, \u017ce w okresie wakacyjnym (tj. lipiec, sierpie\u0144) kasa Siemianowickiego Centrum Kultury przy ul. Niepodleg\u0142o\u015bci 45 czynna b\u0119dzie w godzinach 8.00 &#8211; 15.45.<\/p>\n","protected":false},"excerpt":{"rendered":"<p>Informujemy, \u017ce w okresie wakacyjnym (tj. lipiec, sierpie\u0144) kasa Siemianowickiego Centrum Kultury przy ul. Niepodleg\u0142o\u015bci 45 czynna b\u0119dzie w godzinach 8.00 &#8211; 15.45.<\/p>\n","protected":false},"author":8,"featured_media":10790,"comment_status":"closed","ping_status":"open","sticky":false,"template":"","format":"standard","meta":[],"categories":[1],"tags":[],"_links":{"self":[{"href":"https:\/\/www.siemck.pl\/wp-json\/wp\/v2\/posts\/12004"}],"collection":[{"href":"https:\/\/www.siemck.pl\/wp-json\/wp\/v2\/posts"}],"about":[{"href":"https:\/\/www.siemck.pl\/wp-json\/wp\/v2\/types\/post"}],"author":[{"embeddable":true,"href":"https:\/\/www.siemck.pl\/wp-json\/wp\/v2\/users\/8"}],"replies":[{"embeddable":true,"href":"https:\/\/www.siemck.pl\/wp-json\/wp\/v2\/comments?post=12004"}],"version-history":[{"count":1,"href":"https:\/\/www.siemck.pl\/wp-json\/wp\/v2\/posts\/12004\/revisions"}],"predecessor-version":[{"id":12005,"href":"https:\/\/www.siemck.pl\/wp-json\/wp\/v2\/posts\/12004\/revisions\/12005"}],"wp:featuredmedia":[{"embeddable":true,"href":"https:\/\/www.siemck.pl\/wp-json\/wp\/v2\/media\/10790"}],"wp:attachment":[{"href":"https:\/\/www.siemck.pl\/wp-json\/wp\/v2\/media?parent=12004"}],"wp:term":[{"taxonomy":"category","embeddable":true,"href":"https:\/\/www.siemck.pl\/wp-json\/wp\/v2\/categories?post=12004"},{"taxonomy":"post_tag","embeddable":true,"href":"https:\/\/www.siemck.pl\/wp-json\/wp\/v2\/tags?post=12004"}],"curies":[{"name":"wp","href":"https:\/\/api.w.org\/{rel}","templated":true}]}}