{"id":11926,"date":"2019-06-19T11:52:28","date_gmt":"2019-06-19T09:52:28","guid":{"rendered":"https:\/\/siemck.pl\/?p=11926"},"modified":"2019-07-04T12:10:41","modified_gmt":"2019-07-04T10:10:41","slug":"akcja-lato-w-siemianowickim-centrum-kultury-2","status":"publish","type":"post","link":"https:\/\/www.siemck.pl\/akcja-lato-w-siemianowickim-centrum-kultury-2\/","title":{"rendered":"Akcja lato w Siemianowickim Centrum Kultury"},"content":{"rendered":"<p>Siemianowickie Centrum Kultury zaprasza do udzia\u0142u w wydarzeniach w ramach Akcji Lato!<\/p>\n<p>&nbsp;<\/p>\n<p><span style=\"font-weight: 400;\">2 lipca (wtorek) SCK \u2013 Park Tradycji, godz. 10.00,<\/span><b> Akcja Lato \u2013 Bajkowe Kino w Parku Tradycji. <\/b><span style=\"font-weight: 400;\">Ilo\u015b\u0107 miejsc ograniczona. Wst\u0119p wolny.<\/span><\/p>\n<p>&nbsp;<\/p>\n<p><span style=\"font-weight: 400;\">2 lipca (wtorek) Pracownia Kreatywna H<\/span><span style=\"font-weight: 400;\">2<\/span><span style=\"font-weight: 400;\">O, godz. 11.00, <\/span><b>Zaj\u0119cia indywidualne dla dzieci w wieku 5 &#8211; 7 lat.<\/b><span style=\"font-weight: 400;\"> Ilo\u015b\u0107 miejsc ograniczona. Bilety w cenie 9 z\u0142 do nabycia we wszystkich oddzia\u0142ach SCK oraz on-line na www.bilety.siemck.pl<\/span><\/p>\n<p>&nbsp;<\/p>\n<p><span style=\"font-weight: 400;\">2 lipca (wtorek) SCK \u2013 Willa Fitznera, godz. 20.30 &#8211; 22.00, <\/span><b>Kino letnie. <\/b><span style=\"font-weight: 400;\">Wst\u0119p wolny.<\/span><\/p>\n<p>&nbsp;<\/p>\n<p><span style=\"font-weight: 400;\">3 lipca (\u015broda) SCK \u2013 Willa Fitznera, godz. 18.00, <\/span><b>Ka\u017cdy \u015bpiewa\u0107 mo\u017ce<\/b><span style=\"font-weight: 400;\">. Wst\u0119p wolny.<\/span><\/p>\n<p>&nbsp;<\/p>\n<p><span style=\"font-weight: 400;\">4 lipca (czwartek) SCK \u2013 Park Tradycji, godz. 10.00,<\/span><b> Akcja Lato \u2013 Bajkowe Kino w Parku Tradycji. <\/b><span style=\"font-weight: 400;\">Ilo\u015b\u0107 miejsc ograniczona.Wst\u0119p wolny<\/span><b>.<\/b><\/p>\n<p>&nbsp;<\/p>\n<p><span style=\"font-weight: 400;\">4 lipca (czwartek) Pracownia Kreatywna H<\/span><span style=\"font-weight: 400;\">2<\/span><span style=\"font-weight: 400;\">O, godz. 17.00<\/span><b>, Zaj\u0119cia indywidualne dla dzieci powy\u017cej 8 roku \u017cyciu. <\/b><span style=\"font-weight: 400;\">Ilo\u015b\u0107 miejsc ograniczona. Bilety w cenie 9 z\u0142 do nabycia we wszystkich oddzia\u0142ach SCK oraz on-line na www.bilety.siemck.pl<\/span><\/p>\n<p>&nbsp;<\/p>\n<p><span style=\"font-weight: 400;\">4 lipca (czwartek) SCK \u2013 Park Tradycji, godz. 17.00,<\/span><b> Klub Gier Planszowych. <\/b><span style=\"font-weight: 400;\">Wst\u0119p wolny.<\/span><\/p>\n<p>&nbsp;<\/p>\n<p><span style=\"font-weight: 400;\">4 lipca (czwartek) SCK \u2013 Willa Fitznera, godz. 20.30 &#8211; 22.00, <\/span><b>Kino letnie<\/b><span style=\"font-weight: 400;\">. Wst\u0119p wolny.<\/span><\/p>\n<p>&nbsp;<\/p>\n<p><span style=\"font-weight: 400;\">5 lipca (pi\u0105tek) SCK \u2013 Willa Fitznera, godz. 17.00,<\/span> <b>Fitzner Cafe.<\/b> <span style=\"font-weight: 400;\">Bilety w cenie 5z\u0142 do nabycia w kasach SCK oraz on-line na <\/span><a href=\"http:\/\/www.bilety.siemck.pl\"><span style=\"font-weight: 400;\">www.bilety.siemck.pl<\/span><\/a><span style=\"font-weight: 400;\">.<\/span><\/p>\n<p>&nbsp;<\/p>\n<p><span style=\"font-weight: 400;\">5 lipca (pi\u0105tek) SCK \u2013 Park Tradycji, godz. 20.00,<\/span><b> Chill Time Pod Szybem Krystyn \u2013 Maciej Lipina. <\/b><span style=\"font-weight: 400;\">Wst\u0119p wolny.<\/span><\/p>\n<p>&nbsp;<\/p>\n<p><span style=\"font-weight: 400;\">6 lipca (sobota) Amfiteatr, godz. 17.00, <\/span><b>Koncert Damiana Holeckiego. <\/b><span style=\"font-weight: 400;\">Wst\u0119p wolny.<\/span><\/p>\n<p>&nbsp;<\/p>\n<p><span style=\"font-weight: 400;\">6 lipca (sobota) SCK &#8211; Park Tradycji (i okolice), godz. 20.00, <\/span><b>Kostka Przeznaczenia &#8211; gra fabularna na motywach filmu<\/b><span style=\"font-weight: 400;\">; udzia\u0142 dzieci mo\u017cliwy wy\u0142\u0105cznie pod opiek\u0105 doros\u0142ych. Wst\u0119p wolny.<\/span><\/p>\n<p>&nbsp;<\/p>\n<p><span style=\"font-weight: 400;\">7 lipca (niedziela) SCK \u2013 Jarz\u0119bina, godz. 8.00, <\/span><b>Wycieczka \u2013 Ustro\u0144 R\u00f3wnica. <\/b><span style=\"font-weight: 400;\">Bilety w cenie 45 z\u0142 do nabycia w oddziale SCK &#8211; Jarz\u0119bina. Zbi\u00f3rka przy sklepie spo\u017cywczym przy ul. Kasztanowej. <\/span><\/p>\n<p>&nbsp;<\/p>\n<p><span style=\"font-weight: 400;\">7 lipca (niedziela) Amfiteatr, godz. 17.00, <\/span><b>\u201eTeatralne lato pod chmurk\u0105\u201d \u2013 spektakl dla dzieci pt. &#8222;Podr\u00f3\u017ce Baltazara G\u0105bki&#8221; w wykonaniu teatru Blaszany B\u0119benek.<\/b><span style=\"font-weight: 400;\"> Wst\u0119p wolny.<\/span><\/p>\n<p>&nbsp;<\/p>\n<p><span style=\"font-weight: 400;\">8 lipca (poniedzia\u0142ek) SCK \u2013 Bytk\u00f3w (Pracownia Plastyczna Okienko), godz. 10.00 dzieci m\u0142odsze 6 \u2013 9 lat \/ 12.00 dzieci starsze 10 \u2013 16,<\/span><b> Zaj\u0119cia plastyczne \u201eW krainie ba\u015bni\u201d. <\/b><span style=\"font-weight: 400;\">Wst\u0119p wolny.<\/span> <span style=\"font-weight: 400;\"><br \/>\n<\/span><span style=\"font-weight: 400;\">* Grupy powy\u017cej 5 os\u00f3b prosimy o wcze\u015bniejsze ustalenie terminu warsztat\u00f3w. Ilo\u015b\u0107 miejsc ograniczona.<\/span><\/p>\n<p>&nbsp;<\/p>\n<p><span style=\"font-weight: 400;\">8 lipca (poniedzia\u0142ek) SCK &#8211; Park Tradycji, godz. 10.00 &#8211; 15.00, <\/span><b>Bezp\u0142atne lekcje j\u0119zyka angielskiego, zaj\u0119cia edukacyjne, animacje.<\/b><span style=\"font-weight: 400;\"> Wst\u0119p wolny.<\/span><\/p>\n<p>&nbsp;<\/p>\n<p><span style=\"font-weight: 400;\">9 lipca (wtorek) SCK \u2013 Bytk\u00f3w (Pracownia Plastyczna Okienko), godz. 10.00 dzieci m\u0142odsze 6 \u2013 9 lat \/ 12.00 dzieci starsze 10 \u2013 16 lat,<\/span><b> Zaj\u0119cia plastyczne \u201eW krainie ba\u015bni\u201d. <\/b><span style=\"font-weight: 400;\">Wst\u0119p wolny.<\/span> <span style=\"font-weight: 400;\"><br \/>\n<\/span><span style=\"font-weight: 400;\">* Grupy powy\u017cej 5 os\u00f3b prosimy o wcze\u015bniejsze ustalenie terminu warsztat\u00f3w. Ilo\u015b\u0107 miejsc ograniczona.<\/span><\/p>\n<p>&nbsp;<\/p>\n<p><span style=\"font-weight: 400;\">9 lipca (wtorek) SCK \u2013 Park Tradycji, godz. 10.00, <\/span><b>Akcja Lato \u2013 Bajkowe Kino w Parku Tradycji. <\/b><span style=\"font-weight: 400;\">Ilo\u015b\u0107 miejsc ograniczona. Wst\u0119p wolny<\/span><b>.<\/b><\/p>\n<p>&nbsp;<\/p>\n<p><span style=\"font-weight: 400;\">9 lipca (wtorek) Pracownia Kreatywna H<\/span><span style=\"font-weight: 400;\">2<\/span><span style=\"font-weight: 400;\">O, godz. 11.00, <\/span><b>Zaj\u0119cia indywidualne dla dzieci w wieku 5 &#8211; 7 lat.<\/b><span style=\"font-weight: 400;\"> Ilo\u015b\u0107 miejsc ograniczona. Bilety w cenie 9 z\u0142 do nabycia we wszystkich oddzia\u0142ach SCK oraz on-line na <\/span><a href=\"http:\/\/www.bilety.siemck.pl\"><span style=\"font-weight: 400;\">www.bilety.siemck.pl<\/span><\/a><\/p>\n<p>&nbsp;<\/p>\n<p><span style=\"font-weight: 400;\">9 lipca (wtorek) SCK &#8211; Park Tradycji, godz. 10.00 &#8211; 15.00, <\/span><b>Bezp\u0142atne lekcje j\u0119zyka angielskiego, zaj\u0119cia edukacyjne, animacje.<\/b><span style=\"font-weight: 400;\"> Wst\u0119p wolny.<\/span><\/p>\n<p>&nbsp;<\/p>\n<p><span style=\"font-weight: 400;\">9 lipca (wtorek) SCK \u2013 Willa Fitznera, godz. 20.30 &#8211; 22.00, <\/span><b>Kino letnie.<\/b><span style=\"font-weight: 400;\"> Wst\u0119p wolny.<\/span><\/p>\n<p>&nbsp;<\/p>\n<p><span style=\"font-weight: 400;\">10 lipca (\u015broda)<\/span> <span style=\"font-weight: 400;\">SCK \u2013 Bytk\u00f3w (Pracownia Plastyczna Okienko), godz. 10.00 dzieci m\u0142odsze 6 \u2013 9 lat \/ 12.00 dzieci starsze 10 \u2013 16 lat,<\/span><b> Zaj\u0119cia plastyczne \u201eW krainie ba\u015bni\u201d. <\/b><span style=\"font-weight: 400;\">Wst\u0119p wolny.<\/span> <span style=\"font-weight: 400;\"><br \/>\n<\/span><span style=\"font-weight: 400;\">* Grupy powy\u017cej 5 os\u00f3b prosimy o wcze\u015bniejsze ustalenie terminu warsztat\u00f3w. Ilo\u015b\u0107 miejsc ograniczona.<\/span><\/p>\n<p>&nbsp;<\/p>\n<p><span style=\"font-weight: 400;\">10 lipca (\u015broda) SCK &#8211; Park Tradycji, godz. 10.00 &#8211; 15.00, <\/span><b>Bezp\u0142atne lekcje j\u0119zyka angielskiego, zaj\u0119cia edukacyjne, animacje.<\/b><span style=\"font-weight: 400;\"> Wst\u0119p wolny.<\/span><\/p>\n<p>&nbsp;<\/p>\n<p><span style=\"font-weight: 400;\">10 lipca (\u015broda) SCK \u2013 Willa Fitznera, godz. 18.00, <\/span><b>Ka\u017cdy \u015bpiewa\u0107 mo\u017ce.<\/b><span style=\"font-weight: 400;\"> Wst\u0119p wolny.<\/span><\/p>\n<p>&nbsp;<\/p>\n<p><span style=\"font-weight: 400;\">11 lipca (czwartek) Pracownia Kreatywna H<\/span><span style=\"font-weight: 400;\">2<\/span><span style=\"font-weight: 400;\">O, godz. 17.00<\/span><b>, Zaj\u0119cia indywidualne dla dzieci powy\u017cej 8 roku \u017cyciu. <\/b><span style=\"font-weight: 400;\">Ilo\u015b\u0107 miejsc ograniczona. Bilety w cenie 9 z\u0142 do nabycia we wszystkich oddzia\u0142ach SCK oraz on-line na www.bilety.siemck.pl<\/span><\/p>\n<p>&nbsp;<\/p>\n<p><span style=\"font-weight: 400;\">11 lipca (czwartek) SCK \u2013 Willa Fitznera, godz. 20.30 &#8211; 22.00, <\/span><b>Kino letnie<\/b><span style=\"font-weight: 400;\">. Wst\u0119p wolny.<\/span><\/p>\n<p>&nbsp;<\/p>\n<p><span style=\"font-weight: 400;\">11 lipca (czwartek) SCK \u2013 Bytk\u00f3w (Pracownia Plastyczna Okienko), godz. 10.00 dzieci m\u0142odsze 6 \u2013 9 lat \/ 12.00 dzieci starsze 10 \u2013 16 lat,<\/span><b> Zaj\u0119cia plastyczne \u201eW krainie ba\u015bni\u201d. <\/b><span style=\"font-weight: 400;\">Wst\u0119p wolny.<\/span> <span style=\"font-weight: 400;\"><br \/>\n<\/span><span style=\"font-weight: 400;\">* Grupy powy\u017cej 5 os\u00f3b prosimy o wcze\u015bniejsze ustalenie terminu warsztat\u00f3w. Ilo\u015b\u0107 miejsc ograniczona.<\/span><\/p>\n<p>&nbsp;<\/p>\n<p><span style=\"font-weight: 400;\">11 lipca (czwartek) SCK \u2013 Park Tradycji, godz. 10.00, <\/span><b>Akcja Lato \u2013 Bajkowe Kino w Parku Tradycji. <\/b><span style=\"font-weight: 400;\">Ilo\u015b\u0107 miejsc ograniczona. Wst\u0119p wolny<\/span><b>.<\/b><\/p>\n<p>&nbsp;<\/p>\n<p><span style=\"font-weight: 400;\">11 lipca (czwartek) SCK &#8211; Park Tradycji, godz. 10.00 &#8211; 15.00, <\/span><b>Bezp\u0142atne lekcje j\u0119zyka angielskiego, zaj\u0119cia edukacyjne, animacje.<\/b><span style=\"font-weight: 400;\"> Wst\u0119p wolny.<\/span><\/p>\n<p>&nbsp;<\/p>\n<p><span style=\"font-weight: 400;\">11 lipca (czwartek)<\/span> <span style=\"font-weight: 400;\">SCK \u2013 Park Tradycji, godz. 17.00,<\/span><b> Klub Gier Planszowych. <\/b><span style=\"font-weight: 400;\">Wst\u0119p wolny.<\/span><\/p>\n<p>&nbsp;<\/p>\n<p><span style=\"font-weight: 400;\">12 lipca (pi\u0105tek) SCK \u2013 Bytk\u00f3w (Pracownia Plastyczna Okienko), godz. 10.00 dzieci m\u0142odsze 6 \u2013 9 lat \/ 12.00 dzieci starsze 10 \u2013 16 lat,<\/span><b> Zaj\u0119cia plastyczne \u201eW krainie ba\u015bni\u201d. <\/b><span style=\"font-weight: 400;\">Wst\u0119p wolny.<\/span> <span style=\"font-weight: 400;\"><br \/>\n<\/span><span style=\"font-weight: 400;\">* Grupy powy\u017cej 5 os\u00f3b prosimy o wcze\u015bniejsze ustalenie terminu warsztat\u00f3w. Ilo\u015b\u0107 miejsc ograniczona.<\/span><\/p>\n<p>&nbsp;<\/p>\n<p><span style=\"font-weight: 400;\">12 lipca (pi\u0105tek) SCK \u2013 Park Tradycji, godz. 20.00, <\/span><b>Chill Time Pod Szybem Krystyn \u2013 Adam Rybak &amp; Go\u015b\u0107 specjalny. <\/b><span style=\"font-weight: 400;\">Wst\u0119p wolny.<\/span><\/p>\n<p>&nbsp;<\/p>\n<p><span style=\"font-weight: 400;\">12 lipca (pi\u0105tek) SCK \u2013 Park Tradycji, godz. 16.00, <\/span><b>Kino Seniora 60+<\/b><span style=\"font-weight: 400;\">. Ilo\u015b\u0107 miejsc ograniczona. Wst\u0119p wolny za okazaniem Siemianowickiej Karty Seniora.<\/span><\/p>\n<p>&nbsp;<\/p>\n<p><span style=\"font-weight: 400;\">12 lipca (pi\u0105tek)<\/span> <span style=\"font-weight: 400;\">SCK \u2013 Willa Fitznera, godz. 17.00,<\/span> <b>Fitzner Cafe.<\/b> <span style=\"font-weight: 400;\">Bilety w cenie 5z\u0142 do nabycia w kasach SCK oraz on-line na <\/span><a href=\"http:\/\/www.bilety.siemck.pl\"><span style=\"font-weight: 400;\">www.bilety.siemck.pl<\/span><\/a><\/p>\n<p>&nbsp;<\/p>\n<p><span style=\"font-weight: 400;\">13 lipca (sobota) SCK \u2013 Jarz\u0119bina, godz. 11.00 \u2013 18.30, <\/span><b>\u201eSobota na skwerze Jarz\u0119bina\u201d<\/b><span style=\"font-weight: 400;\"> (11.00 \u2013 15.00 dmucha\u0144ce, gry i zabawy dla dzieci, <\/span><span style=\"font-weight: 400;\">15.30 \u2013 17.00 koncert plenerowy<\/span><span style=\"font-weight: 400;\">). Wst\u0119p wolny.<\/span><\/p>\n<p>&nbsp;<\/p>\n<p><span style=\"font-weight: 400;\">13 lipca (sobota) Amfiteatr, godz. 17.00, <\/span><b>Koncert zespo\u0142u Blue Party. <\/b><span style=\"font-weight: 400;\">Wst\u0119p wolny.<\/span><\/p>\n<p>&nbsp;<\/p>\n<p><span style=\"font-weight: 400;\">14 lipca (niedziela) SCK \u2013 Jarz\u0119bina, godz. 7.00, <\/span><b>Wycieczka \u2013 S\u0142owacja Orawica. <\/b><span style=\"font-weight: 400;\">Bilety w cenie 60 z\u0142 do nabycia w oddziale SCK &#8211; Jarz\u0119bina. Zbi\u00f3rka przy sklepie spo\u017cywczym przy ul. Kasztanowej. <\/span><\/p>\n<p>&nbsp;<\/p>\n<p><span style=\"font-weight: 400;\">14 lipca (niedziela) Amfiteatr, godz. 17.00, <\/span><b>\u201eTeatralne lato pod chmurk\u0105\u201d \u2013 spektakl dla dzieci pt. &#8222;SKarb, to nie tylko z\u0142oto&#8221; w wykonaniu teatru Blaszany B\u0119benek.<\/b><span style=\"font-weight: 400;\"> Wst\u0119p wolny.<\/span><\/p>\n<p>&nbsp;<\/p>\n<p><span style=\"font-weight: 400;\">15 lipca (poniedzia\u0142ek) SCK \u2013 Bytk\u00f3w, godz. 10.00 \u2013 12.00, <\/span><b>\u201ePrzygoda na dworze ba\u015bniowego kr\u00f3la\u201d \u2013 zabawy, gry, konkursy (dobre maniery i sztuka poruszania si\u0119 po pa\u0142acu, kr\u00f3lewski savoir \u2013 vivre, zasady bezpiecze\u0144stwa, rozmowa z przyboczn\u0105 stra\u017c\u0105 pa\u0142acow\u0105: policja, stra\u017c miejska, stra\u017c po\u017carna; wielkoformatowa gra).<\/b><span style=\"font-weight: 400;\"> Wst\u0119p wolny. \u00a0\u00a0\u00a0\u00a0* Zaj\u0119cia przeznaczone s\u0105 dla dzieci od 5 lat.<\/span><\/p>\n<p>&nbsp;<\/p>\n<p><span style=\"font-weight: 400;\">15 lipca (poniedzia\u0142ek) SCK &#8211; Park Tradycji, godz. 10.00 &#8211; 15.00, <\/span><b>Bezp\u0142atne lekcje j\u0119zyka angielskiego, zaj\u0119cia edukacyjne, animacje.<\/b><span style=\"font-weight: 400;\"> Wst\u0119p wolny.<\/span><\/p>\n<p>&nbsp;<\/p>\n<p><span style=\"font-weight: 400;\">16 lipca (wtorek) SCK \u2013 Bytk\u00f3w, godz. 10.00 \u2013 12.00, <\/span><b>\u201ePrzygoda na dworze ba\u015bniowego kr\u00f3la\u201d \u2013 zabawy, gry, konkursy (rycerz i dama dworu \u2013 kostium i stosowne do stanu zabawy). <\/b><span style=\"font-weight: 400;\">Wst\u0119p wolny.<\/span> <span style=\"font-weight: 400;\"><br \/>\n<\/span><span style=\"font-weight: 400;\">* Zaj\u0119cia przeznaczone s\u0105 dla dzieci od 5 lat.<\/span><\/p>\n<p>&nbsp;<\/p>\n<p><span style=\"font-weight: 400;\">16 lipca (wtorek) SCK \u2013 Park Tradycji, godz. 10.00, <\/span><b>Akcja Lato \u2013 Bajkowe Kino w Parku Tradycji. <\/b><span style=\"font-weight: 400;\">Ilo\u015b\u0107 miejsc ograniczona. Wst\u0119p wolny<\/span><b>.<\/b><\/p>\n<p>&nbsp;<\/p>\n<p><span style=\"font-weight: 400;\">16 lipca (wtorek) SCK &#8211; Park Tradycji, godz. 10.00 &#8211; 15.00, <\/span><b>Bezp\u0142atne lekcje j\u0119zyka angielskiego, zaj\u0119cia edukacyjne, animacje.<\/b><span style=\"font-weight: 400;\"> Wst\u0119p wolny.<\/span><\/p>\n<p>&nbsp;<\/p>\n<p><span style=\"font-weight: 400;\">16 lipca (wtorek) Pracownia Kreatywna H<\/span><span style=\"font-weight: 400;\">2<\/span><span style=\"font-weight: 400;\">O, godz. 11.00,<\/span><b> Zaj\u0119cia indywidualne dla dzieci w wieku 5 &#8211; 7 lat.<\/b><span style=\"font-weight: 400;\"> Ilo\u015b\u0107 miejsc ograniczona. Bilety w cenie 9 z\u0142 do nabycia we wszystkich oddzia\u0142ach SCK oraz on-line na <\/span><a href=\"http:\/\/www.bilety.siemck.pl\"><span style=\"font-weight: 400;\">www.bilety.siemck.pl<\/span><\/a><\/p>\n<p>&nbsp;<\/p>\n<p><span style=\"font-weight: 400;\">16 lipca (wtorek) SCK \u2013 Willa Fitznera, godz. 20.30 &#8211; 22.00, <\/span><b>Kino letnie.<\/b><span style=\"font-weight: 400;\"> Wst\u0119p wolny.<\/span><\/p>\n<p><span style=\"font-weight: 400;\">17 lipca (\u015broda) SCK \u2013 Willa Fitznera, godz. 18.00, <\/span><b>Ka\u017cdy \u015bpiewa\u0107 mo\u017ce<\/b><span style=\"font-weight: 400;\">. Wst\u0119p wolny.<\/span><\/p>\n<p>&nbsp;<\/p>\n<p><span style=\"font-weight: 400;\">17 lipca (\u015broda) SCK \u2013 Bytk\u00f3w, 10.00 \u2013 12.00, <\/span><b>\u201ePrzygoda na dworze ba\u015bniowego kr\u00f3la\u201d \u2013 zabawy, gry, konkursy (kr\u00f3lewski bal \u2013 zabawa kostiumowa dla dzieci).<\/b><span style=\"font-weight: 400;\"> Wst\u0119p wolny.<\/span><\/p>\n<p><span style=\"font-weight: 400;\">* Zaj\u0119cia przeznaczone s\u0105 dla dzieci od 5 lat.<\/span><\/p>\n<p>&nbsp;<\/p>\n<p><span style=\"font-weight: 400;\">17 lipca (\u015broda) SCK &#8211; Park Tradycji, godz. 10.00 &#8211; 15.00, <\/span><b>Bezp\u0142atne lekcje j\u0119zyka angielskiego, zaj\u0119cia edukacyjne, animacje.<\/b><span style=\"font-weight: 400;\"> Wst\u0119p wolny.<\/span><\/p>\n<p>&nbsp;<\/p>\n<p><span style=\"font-weight: 400;\">18 lipca (czwartek) SCK \u2013 Bytk\u00f3w, 10.00 \u2013 12.00, <\/span><b>\u201ePrzygoda na dworze ba\u015bniowego kr\u00f3la\u201d \u2013 zabawy, gry, konkursy (najpi\u0119kniejsze ba\u015bnie, powiadanie z elementami inscenizacji). <\/b><span style=\"font-weight: 400;\">Wst\u0119p wolny.<\/span><\/p>\n<p><span style=\"font-weight: 400;\">* Zaj\u0119cia przeznaczone s\u0105 dla dzieci od 5 lat.<\/span><\/p>\n<p>&nbsp;<\/p>\n<p><span style=\"font-weight: 400;\">18 lipca (czwartek) SCK \u2013 Park Tradycji,<\/span> <span style=\"font-weight: 400;\">godz. 10.00, <\/span><b>Akcja Lato \u2013 Bajkowe Kino w Parku Tradycji. <\/b><span style=\"font-weight: 400;\">Ilo\u015b\u0107 miejsc ograniczona. Wst\u0119p wolny<\/span><b>.<\/b><\/p>\n<p>&nbsp;<\/p>\n<p><span style=\"font-weight: 400;\">18 lipca (czwartek) Pracownia Kreatywna H<\/span><span style=\"font-weight: 400;\">2<\/span><span style=\"font-weight: 400;\">O, godz. 17.00<\/span><b>, Zaj\u0119cia indywidualne dla dzieci powy\u017cej 8 roku \u017cyciu. <\/b><span style=\"font-weight: 400;\">Ilo\u015b\u0107 miejsc ograniczona. Bilety w cenie 9 z\u0142 do nabycia we wszystkich oddzia\u0142ach SCK oraz on-line na <\/span><a href=\"http:\/\/www.bilety.siemck.pl\"><span style=\"font-weight: 400;\">www.bilety.siemck.pl<\/span><\/a><\/p>\n<p>&nbsp;<\/p>\n<p><span style=\"font-weight: 400;\">18 lipca (czwartek) SCK &#8211; Park Tradycji, godz. 10.00 &#8211; 15.00, <\/span><b>Bezp\u0142atne lekcje j\u0119zyka angielskiego, zaj\u0119cia edukacyjne, animacje.<\/b><span style=\"font-weight: 400;\"> Wst\u0119p wolny.<\/span><\/p>\n<p>&nbsp;<\/p>\n<p><span style=\"font-weight: 400;\">18 lipca (czwartek)<\/span> <span style=\"font-weight: 400;\">SCK \u2013 Park Tradycji, godz. 17.00,<\/span><b> Klub Gier Planszowych. <\/b><span style=\"font-weight: 400;\">Wst\u0119p wolny.<\/span><\/p>\n<p>&nbsp;<\/p>\n<p><span style=\"font-weight: 400;\">18 lipca (czwartek) SCK \u2013 Willa Fitznera, godz. 20.30 &#8211; 22.00, <\/span><b>Kino letnie.<\/b> <span style=\"font-weight: 400;\">Wst\u0119p wolny.<\/span><\/p>\n<p>&nbsp;<\/p>\n<p><span style=\"font-weight: 400;\">19 lipca (pi\u0105tek) SCK \u2013 Park Tradycji, godz. 20.00, <\/span><b>Chill Time Pod Szybem Krystyn \u2013 zesp\u00f3\u0142 Iksy. <\/b><span style=\"font-weight: 400;\">Wst\u0119p wolny.<\/span><\/p>\n<p>&nbsp;<\/p>\n<p><span style=\"font-weight: 400;\">19 lipca (pi\u0105tek) SCK \u2013 Willa Fitznera,<\/span> <span style=\"font-weight: 400;\">godz. 17.00,<\/span> <b>Fitzner Cafe.<\/b> <span style=\"font-weight: 400;\">Bilety w cenie 5z\u0142 do nabycia w kasach SCK oraz on-line na <\/span><a href=\"http:\/\/www.bilety.siemck.pl\"><span style=\"font-weight: 400;\">www.bilety.siemck.pl<\/span><\/a><span style=\"font-weight: 400;\">.<\/span><\/p>\n<p>&nbsp;<\/p>\n<p><span style=\"font-weight: 400;\">20 lipca (sobota) Amfiteatr, godz. 17.00, <\/span><b>\u201eC\u00f3\u017c bez mi\u0142o\u015bci wart by\u0142by \u015bwiat\u201d \u2013 najpi\u0119kniejsze piosenki o mi\u0142o\u015bci z lat 20-tych i 30-tych ubieg\u0142ego stulecia w wykonaniu Aleksandry Stano i Bartosza Ja\u015bkowskiego oraz Rados\u0142awa Mokrusa. <\/b><span style=\"font-weight: 400;\">Wst\u0119p wolny.<\/span><\/p>\n<p>&nbsp;<\/p>\n<p><span style=\"font-weight: 400;\">21 lipca (niedziela) SCK \u2013 Jarz\u0119bina, godz. 9.00, <\/span><b>Wycieczka \u2013 rejs statkiem po Odrze, biesiada w stodole.<\/b><span style=\"font-weight: 400;\"> Bilety w cenie 90 z\u0142 do nabycia w oddziale SCK &#8211; Jarz\u0119bina. Zbi\u00f3rka przy sklepie spo\u017cywczym przy ul. Kasztanowej. <\/span><\/p>\n<p>&nbsp;<\/p>\n<p><span style=\"font-weight: 400;\">21 lipca (niedziela) Amfiteatr, godz. 17.00, <\/span><b>\u201eTeatralne lato pod chmurk\u0105\u201d \u2013 spektakl dla dzieci pt. &#8222;Smerfne przygody&#8221; w wykonaniu teatru Blaszany B\u0119benek&#8221;.<\/b><span style=\"font-weight: 400;\"> Wst\u0119p wolny.<\/span><\/p>\n<p>&nbsp;<\/p>\n<p><span style=\"font-weight: 400;\">22 lipca (poniedzia\u0142ek) Rynek Miejski, godz. 11.00 \u2013 17.00, <\/span><b>\u015awi\u0119to czekolady<\/b><span style=\"font-weight: 400;\">. Wst\u0119p wolny.<\/span><\/p>\n<p>&nbsp;<\/p>\n<p><span style=\"font-weight: 400;\">22 lipca (poniedzia\u0142ek) SCK &#8211; Park Tradycji, godz. 10.00 &#8211; 15.00, <\/span><b>Bezp\u0142atne lekcje j\u0119zyka angielskiego, zaj\u0119cia edukacyjne, animacje.<\/b><span style=\"font-weight: 400;\"> Wst\u0119p wolny.<\/span><\/p>\n<p>&nbsp;<\/p>\n<p><span style=\"font-weight: 400;\">23 lipca (wtorek) SCK \u2013 Park Tradycji,<\/span> <span style=\"font-weight: 400;\">godz. 10.00, <\/span><b>Akcja Lato \u2013 Bajkowe Kino w Parku Tradycji. <\/b><span style=\"font-weight: 400;\">Ilo\u015b\u0107 miejsc ograniczona. Wst\u0119p wolny<\/span><b>.<\/b><\/p>\n<p>&nbsp;<\/p>\n<p><span style=\"font-weight: 400;\">23 lipca (wtorek) Pracownia Kreatywna H<\/span><span style=\"font-weight: 400;\">2<\/span><span style=\"font-weight: 400;\">O, godz. 11.00, <\/span><b>Zaj\u0119cia indywidualne dla dzieci w wieku 5 &#8211; 7 lat. <\/b><span style=\"font-weight: 400;\">Ilo\u015b\u0107 miejsc ograniczona. Bilety w cenie 9 z\u0142 do nabycia we wszystkich oddzia\u0142ach SCK oraz on-line na <\/span><a href=\"http:\/\/www.bilety.siemck.pl\"><span style=\"font-weight: 400;\">www.bilety.siemck.pl<\/span><\/a><\/p>\n<p>&nbsp;<\/p>\n<p><span style=\"font-weight: 400;\">23 lipca (wtorek) SCK &#8211; Park Tradycji, godz. 10.00 &#8211; 15.00, <\/span><b>Bezp\u0142atne lekcje j\u0119zyka angielskiego, zaj\u0119cia edukacyjne, animacje.<\/b><span style=\"font-weight: 400;\"> Wst\u0119p wolny.<\/span><\/p>\n<p>&nbsp;<\/p>\n<p><span style=\"font-weight: 400;\">23 lipca (wtorek) SCK \u2013 Willa Fitznera, godz. 20.30 &#8211; 22.00, <\/span><b>Kino letnie. <\/b><span style=\"font-weight: 400;\">Wst\u0119p wolny.<\/span><\/p>\n<p>&nbsp;<\/p>\n<p><span style=\"font-weight: 400;\">24 lipca (\u015broda) SCK \u2013 Willa Fitznera, godz. 18.00, <\/span><b>Ka\u017cdy \u015bpiewa\u0107 mo\u017ce.<\/b><span style=\"font-weight: 400;\"> Wst\u0119p wolny.<\/span><\/p>\n<p>&nbsp;<\/p>\n<p><span style=\"font-weight: 400;\">24 lipca (\u015broda) SCK &#8211; Park Tradycji, godz. 10.00 &#8211; 15.00, <\/span><b>Bezp\u0142atne lekcje j\u0119zyka angielskiego, zaj\u0119cia edukacyjne, animacje.<\/b><span style=\"font-weight: 400;\"> Wst\u0119p wolny.<\/span><\/p>\n<p>&nbsp;<\/p>\n<p><span style=\"font-weight: 400;\">25 lipca (czwartek) SCK \u2013 Park Tradycji,<\/span> <span style=\"font-weight: 400;\">godz. 10.00, <\/span><b>Akcja Lato \u2013 Bajkowe Kino w Parku Tradycji. <\/b><span style=\"font-weight: 400;\">Ilo\u015b\u0107 miejsc ograniczona. Wst\u0119p wolny<\/span><b>.<\/b><\/p>\n<p>&nbsp;<\/p>\n<p><span style=\"font-weight: 400;\">25 lipca (czwartek) Pracownia Kreatywna H<\/span><span style=\"font-weight: 400;\">2<\/span><span style=\"font-weight: 400;\">O, godz. 17.00<\/span><b>, Zaj\u0119cia indywidualne dla dzieci powy\u017cej 8 roku \u017cyciu. <\/b><span style=\"font-weight: 400;\">Ilo\u015b\u0107 miejsc ograniczona. Bilety w cenie 9 z\u0142 do nabycia we wszystkich oddzia\u0142ach SCK oraz on-line na www.bilety.siemck.pl<\/span><\/p>\n<p>&nbsp;<\/p>\n<p><span style=\"font-weight: 400;\">25 lipca (czwartek) SCK \u2013 Park Tradycji, godz. 17.00,<\/span><b> Klub Gier Planszowych. <\/b><span style=\"font-weight: 400;\">Wst\u0119p wolny.<\/span><\/p>\n<p>&nbsp;<\/p>\n<p><span style=\"font-weight: 400;\">25 lipca (czwartek) SCK &#8211; Park Tradycji, godz. 10.00 &#8211; 15.00, <\/span><b>Bezp\u0142atne lekcje j\u0119zyka angielskiego, zaj\u0119cia edukacyjne, animacje.<\/b><span style=\"font-weight: 400;\"> Wst\u0119p wolny.<\/span><\/p>\n<p>&nbsp;<\/p>\n<p><span style=\"font-weight: 400;\">25 lipca (czwartek) SCK \u2013 Willa Fitznera, godz. 18.00, <\/span><b>Pokaz filmowy: \u201eDziewczyny mierz\u0105 wysoko\u201d.<\/b><span style=\"font-weight: 400;\"> Wst\u0119p wolny.<\/span><\/p>\n<p>&nbsp;<\/p>\n<p><span style=\"font-weight: 400;\">25 lipca (czwartek) SCK \u2013 Willa Fitznera, godz. 20.30 &#8211; 22.00, <\/span><b>Kino letnie.<\/b><span style=\"font-weight: 400;\"> Wst\u0119p wolny.<\/span><\/p>\n<p>&nbsp;<\/p>\n<p><span style=\"font-weight: 400;\">26 lipca (pi\u0105tek) SCK \u2013 Willa Fitznera, godz. 17.00,<\/span> <b>Fitzner Cafe.<\/b> <span style=\"font-weight: 400;\">Bilety w cenie 5z\u0142 do nabycia w kasach SCK oraz on-line na <\/span><a href=\"http:\/\/www.bilety.siemck.pl\"><span style=\"font-weight: 400;\">www.bilety.siemck.pl<\/span><\/a><\/p>\n<p>&nbsp;<\/p>\n<p><span style=\"font-weight: 400;\">26 lipca (pi\u0105tek) SCK \u2013 Park Tradycji, godz. 20.00, <\/span><b>Chill Time Pod Szybem Krystyn \u2013 zesp\u00f3\u0142 The Party is over. <\/b><span style=\"font-weight: 400;\">Wst\u0119p wolny.<\/span><\/p>\n<p>&nbsp;<\/p>\n<p><span style=\"font-weight: 400;\">27 lipca (sobota) Amfiteatr, godz. 17.00, <\/span><b>Koncert zespo\u0142u Arkadia Band. <\/b><span style=\"font-weight: 400;\">Wst\u0119p wolny.<\/span><\/p>\n<p>&nbsp;<\/p>\n<p><span style=\"font-weight: 400;\">27 lipca (sobota) SCK &#8211; Jarz\u0119bina (II LO, Os. Tuwim), godz. 18.00,<\/span><b>Ukryte sprawy i trudna prawda<\/b> <b>\u00a0&#8211; fabularna gra paradokumentalna dla m\u0142odzie\u017cy i os\u00f3b doros\u0142ych<\/b><span style=\"font-weight: 400;\">; udzia\u0142 dzieci mo\u017cliwy wy\u0142\u0105cznie pod opiek\u0105 doros\u0142ych. Wst\u0119p wolny.<\/span><\/p>\n<p>&nbsp;<\/p>\n<p><span style=\"font-weight: 400;\">28 lipca (niedziela) Amfiteatr, godz. 17.00, <\/span><b>\u201eTeatralne lato pod chmurk\u0105\u201d \u2013 spektakl dla dzieci pt. &#8222;Piraci i wyspa skarb\u00f3w&#8221; w wykonaniu teatru Blaszany B\u0119benek.<\/b><span style=\"font-weight: 400;\"> Wst\u0119p wolny.<\/span><\/p>\n<p>&nbsp;<\/p>\n<p><span style=\"font-weight: 400;\">28 lipca (niedziela) SCK \u2013 Jarz\u0119bina, godz. 7.30, <\/span><b>Wycieczka \u2013 Wroc\u0142aw Panorama Rac\u0142awicka.<\/b> <span style=\"font-weight: 400;\">Bilety w cenie 95 z\u0142 (doro\u015bli) \/ 90 z\u0142 (dzieci, m\u0142odzie\u017c, emeryci, renci\u015bci) do nabycia w oddziale SCK &#8211; Jarz\u0119bina. Zbi\u00f3rka przy sklepie spo\u017cywczym przy ul. Kasztanowej. <\/span><\/p>\n<p>&nbsp;<\/p>\n<p><span style=\"font-weight: 400;\">30 lipca (wtorek) SCK \u2013 Bytk\u00f3w, godz. 10.30 \u2013 19.00,<\/span><b> VII Siemianowickie Warsztaty Bluesowe \u2013 zaj\u0119cia indywidualne z wyk\u0142adami oraz zaj\u0119cia zespo\u0142owe. <\/b><span style=\"font-weight: 400;\">Bilety w cenie 100 z\u0142 dost\u0119pne b\u0119d\u0105 wy\u0142\u0105cznie w \u00a0kasie SCK- Bytk\u00f3w, po wcze\u015bniejszym zapisie pod numerem telefonu 515 305 105.<\/span><\/p>\n<p>&nbsp;<\/p>\n<p><span style=\"font-weight: 400;\">30 lipca (wtorek) SCK \u2013 Park Tradycji,<\/span> <span style=\"font-weight: 400;\">godz. 10.00, <\/span><b>Akcja Lato \u2013 Bajkowe Kino w Parku Tradycji. <\/b><span style=\"font-weight: 400;\">Ilo\u015b\u0107 miejsc ograniczona. Wst\u0119p wolny<\/span><b>.<\/b><\/p>\n<p>&nbsp;<\/p>\n<p><span style=\"font-weight: 400;\">30 lipca (wtorek) Pracownia Kreatywna H<\/span><span style=\"font-weight: 400;\">2<\/span><span style=\"font-weight: 400;\">O, godz. 11.00, <\/span><b>Zaj\u0119cia indywidualne dla dzieci w wieku 5 &#8211; 7 lat. Ilo\u015b\u0107 miejsc ograniczona.<\/b><span style=\"font-weight: 400;\"> Bilety w cenie 9 z\u0142 do nabycia we wszystkich oddzia\u0142ach SCK oraz on-line na <\/span><a href=\"http:\/\/www.bilety.siemck.pl\"><span style=\"font-weight: 400;\">www.bilety.siemck.pl<\/span><\/a><\/p>\n<p>&nbsp;<\/p>\n<p><span style=\"font-weight: 400;\">30 lipca (wtorek) SCK \u2013 Willa Fitznera, godz. 20.30 &#8211; 22.00, <\/span><b>Kino letnie.<\/b><span style=\"font-weight: 400;\"> Wst\u0119p wolny.<\/span><\/p>\n<p>&nbsp;<\/p>\n<p><span style=\"font-weight: 400;\">31 lipca (\u015broda) SCK \u2013 Willa Fitznera, godz. 18.00, <\/span><b>Ka\u017cdy \u015bpiewa\u0107 mo\u017ce.<\/b><span style=\"font-weight: 400;\"> Wst\u0119p wolny.<\/span><\/p>\n<p>&nbsp;<\/p>\n<p><span style=\"font-weight: 400;\">31 lipca (\u015broda)<\/span> <span style=\"font-weight: 400;\">SCK \u2013 Bytk\u00f3w, godz. 10.30 \u2013 19.00,<\/span><b> VII Siemianowickie Warsztaty Bluesowe \u2013 zaj\u0119cia indywidualne z wyk\u0142adami oraz zaj\u0119cia zespo\u0142owe. <\/b><span style=\"font-weight: 400;\">Bilety w cenie 100 z\u0142 dost\u0119pne b\u0119d\u0105 wy\u0142\u0105cznie w \u00a0kasie SCK- Bytk\u00f3w, po wcze\u015bniejszym zapisie pod numerem telefonu 515 305 105.<\/span><\/p>\n<p>&nbsp;<\/p>\n<p><b>III KWARTA\u0141 2019<\/b><\/p>\n<p>&nbsp;<\/p>\n<p><b>SIERPIE\u0143<\/b><\/p>\n<p>&nbsp;<\/p>\n<p><span style=\"font-weight: 400;\">1 sierpnia (czwartek) SCK \u2013 Bytk\u00f3w, godz. 10.30 \u2013 19.00,<\/span><b> VII Siemianowickie Warsztaty Bluesowe \u2013 zaj\u0119cia indywidualne z wyk\u0142adami oraz zaj\u0119cia zespo\u0142owe. <\/b><span style=\"font-weight: 400;\">Bilety w cenie 100 z\u0142 dost\u0119pne b\u0119d\u0105 wy\u0142\u0105cznie w \u00a0kasie SCK- Bytk\u00f3w, po wcze\u015bniejszym zapisie pod numerem telefonu 515 305 105.<\/span><\/p>\n<p>&nbsp;<\/p>\n<p><span style=\"font-weight: 400;\">1 sierpnia (czwartek) Pracownia Kreatywna H<\/span><span style=\"font-weight: 400;\">2<\/span><span style=\"font-weight: 400;\">O, godz. 17.00<\/span><b>, Zaj\u0119cia indywidualne dla dzieci powy\u017cej 8 roku \u017cyciu. <\/b><span style=\"font-weight: 400;\">Ilo\u015b\u0107 miejsc ograniczona. Bilety w cenie 9 z\u0142 do nabycia we wszystkich oddzia\u0142ach SCK oraz on-line na www.bilety.siemck.pl<\/span><\/p>\n<p>&nbsp;<\/p>\n<p><span style=\"font-weight: 400;\">1 sierpnia (czwartek)<\/span> <span style=\"font-weight: 400;\">SCK \u2013 Willa Fitznera, godz. 20.30 &#8211; 22.00, <\/span><b>Kino letnie.<\/b><span style=\"font-weight: 400;\"> Wst\u0119p wolny.<\/span><\/p>\n<p>&nbsp;<\/p>\n<p><span style=\"font-weight: 400;\">1 sierpnia (czwartek)<\/span> <span style=\"font-weight: 400;\">SCK \u2013 Park Tradycji,<\/span> <span style=\"font-weight: 400;\">godz. 10.00, <\/span><b>Akcja Lato \u2013 Bajkowe Kino w Parku Tradycji. <\/b><span style=\"font-weight: 400;\">Ilo\u015b\u0107 miejsc ograniczona. Wst\u0119p wolny.<\/span><\/p>\n<p>&nbsp;<\/p>\n<p><span style=\"font-weight: 400;\">1 sierpnia (czwartek)<\/span> <span style=\"font-weight: 400;\">SCK \u2013 Park Tradycji, godz. 17.00,<\/span><b> Klub Gier Planszowych. <\/b><span style=\"font-weight: 400;\">Wst\u0119p wolny.<\/span><\/p>\n<p>&nbsp;<\/p>\n<p><span style=\"font-weight: 400;\">2 sierpnia (pi\u0105tek)<\/span> <span style=\"font-weight: 400;\">SCK \u2013 Park Tradycji, godz. 20.00, <\/span><b>Chill Time Pod Szybem Krystyn \u2013 zesp\u00f3\u0142 M\u00f3w. <\/b><span style=\"font-weight: 400;\">Wst\u0119p wolny.<\/span><\/p>\n<p>&nbsp;<\/p>\n<p><span style=\"font-weight: 400;\">2 sierpnia (pi\u0105tek) SCK \u2013 Willa Fitznera, godz. 17.00,<\/span> <b>Fitzner Cafe.<\/b> <span style=\"font-weight: 400;\">Bilety w cenie 5z\u0142 do nabycia w kasach SCK oraz on-line na <\/span><a href=\"http:\/\/www.bilety.siemck.pl\"><span style=\"font-weight: 400;\">www.bilety.siemck.pl<\/span><\/a><\/p>\n<p>&nbsp;<\/p>\n<p><span style=\"font-weight: 400;\">2 sierpnia (pi\u0105tek)<\/span> <span style=\"font-weight: 400;\">SCK \u2013 Bytk\u00f3w, godz. 10.30 \u2013 19.00,<\/span><b> VII Siemianowickie Warsztaty Bluesowe \u2013 zaj\u0119cia indywidualne z wyk\u0142adami oraz zaj\u0119cia zespo\u0142owe. <\/b><span style=\"font-weight: 400;\">Bilety w cenie 100 z\u0142 dost\u0119pne b\u0119d\u0105 wy\u0142\u0105cznie w \u00a0kasie SCK- Bytk\u00f3w, po wcze\u015bniejszym zapisie pod numerem telefonu 515 305 105.<\/span><\/p>\n<p>&nbsp;<\/p>\n<p><span style=\"font-weight: 400;\">2 sierpnia (pi\u0105tek) Amfiteatr, Park Miejski, godz. 20.00, <\/span><b>Imi\u0119 R\u00f3\u017cy &#8211; gra fabularna na motywach powie\u015bci Umberto Eco<\/b><span style=\"font-weight: 400;\">; udzia\u0142 dzieci mo\u017cliwy wy\u0142\u0105cznie pod opiek\u0105 doros\u0142ych. Wst\u0119p wolny.<\/span><\/p>\n<p>&nbsp;<\/p>\n<p><span style=\"font-weight: 400;\">3 sierpnia (sobota)<\/span> <b>Amfiteatr<\/b><span style=\"font-weight: 400;\">, godz. 17.00,<\/span><b> Koncert fina\u0142owy VII Siemianowickich Warsztat\u00f3w Bluesowych. <\/b><span style=\"font-weight: 400;\">Na scenie prezentowa\u0107 b\u0119d\u0105 si\u0119 uczestnicy warsztat\u00f3w oraz ich wyk\u0142adowcy.<\/span>Podsumowaniem popo\u0142udnia b\u0119dzie<b> koncert\u00a0<\/b><span style=\"font-weight: 400;\">w wykonaniu czo\u0142owego wokalisty jazzowego \u2013 <strong>Marka Ba\u0142aty<\/strong>. Towarzyszy\u0107 mu b\u0119d\u0105 na scenie: Bohdan Lizo\u0144 \u2013 gitara, Adam Niedzielin \u2013 piano, Tomasz Ka\u0144toch \u2013 gitara basowa, Marek Olma \u2013 perkusja.<\/span> <span style=\"font-weight: 400;\">Wst\u0119p wolny.<\/span><\/p>\n<p>&nbsp;<\/p>\n<p><span style=\"font-weight: 400;\">4 sierpnia (niedziela)<\/span> <span style=\"font-weight: 400;\">SCK \u2013 Jarz\u0119bina, godz. 8.00, <\/span><b>Wycieczka \u2013 Czechy Jablonk\u00f3w, Gorolskie \u015awi\u0119to.<\/b><span style=\"font-weight: 400;\"> Bilety w cenie 55 z\u0142 do nabycia w oddziale SCK &#8211; Jarz\u0119bina. Zbi\u00f3rka przy sklepie spo\u017cywczym przy ul. Kasztanowej. <\/span><\/p>\n<p>&nbsp;<\/p>\n<p><span style=\"font-weight: 400;\">6 sierpnia (wtorek)<\/span> <span style=\"font-weight: 400;\">SCK \u2013 Park Tradycji,<\/span> <span style=\"font-weight: 400;\">godz. 10.00, <\/span><b>Akcja Lato \u2013 Bajkowe Kino w Parku Tradycji. <\/b><span style=\"font-weight: 400;\">Ilo\u015b\u0107 miejsc ograniczona. Wst\u0119p wolny.<\/span><\/p>\n<p>&nbsp;<\/p>\n<p><span style=\"font-weight: 400;\">6 sierpnia (wtorek) Pracownia Kreatywna H<\/span><span style=\"font-weight: 400;\">2<\/span><span style=\"font-weight: 400;\">O, godz. 11.00, <\/span><b>Zaj\u0119cia indywidualne dla dzieci w wieku 5 &#8211; 7 lat. Ilo\u015b\u0107 miejsc ograniczona.<\/b><span style=\"font-weight: 400;\"> Bilety w cenie 9 z\u0142 do nabycia we wszystkich oddzia\u0142ach SCK oraz on-line na <\/span><a href=\"http:\/\/www.bilety.siemck.pl\"><span style=\"font-weight: 400;\">www.bilety.siemck.pl<\/span><\/a><\/p>\n<p>&nbsp;<\/p>\n<p><span style=\"font-weight: 400;\">6 sierpnia (wtorek)<\/span> <span style=\"font-weight: 400;\">SCK \u2013 Willa Fitznera, godz. 20.30 &#8211; 22.00, <\/span><b>Kino letnie.<\/b><span style=\"font-weight: 400;\"> Wst\u0119p wolny.<\/span><\/p>\n<p>&nbsp;<\/p>\n<p><span style=\"font-weight: 400;\">7 sierpnia (\u015broda) SCK \u2013 Willa Fitznera, godz. 18.00, <\/span><b>Ka\u017cdy \u015bpiewa\u0107 mo\u017ce.<\/b><span style=\"font-weight: 400;\"> Wst\u0119p wolny.<\/span><\/p>\n<p>&nbsp;<\/p>\n<p><span style=\"font-weight: 400;\">8 sierpnia (czwartek) SCK \u2013 Willa Fitznera, godz. 20.30 &#8211; 22.00, <\/span><b>Kino letnie.<\/b><span style=\"font-weight: 400;\"> Wst\u0119p wolny.<\/span><\/p>\n<p>&nbsp;<\/p>\n<p><span style=\"font-weight: 400;\">8 sierpnia (czwartek) SCK \u2013 Park Tradycji,<\/span> <span style=\"font-weight: 400;\">godz. 10.00, <\/span><b>Akcja Lato \u2013 Bajkowe Kino w Parku Tradycji. <\/b><span style=\"font-weight: 400;\">Ilo\u015b\u0107 miejsc ograniczona. Wst\u0119p wolny.<\/span><\/p>\n<p>&nbsp;<\/p>\n<p><span style=\"font-weight: 400;\">8 sierpnia (czwartek) Pracownia Kreatywna H<\/span><span style=\"font-weight: 400;\">2<\/span><span style=\"font-weight: 400;\">O, godz. 17.00<\/span><b>, Zaj\u0119cia indywidualne dla dzieci powy\u017cej 8 roku \u017cyciu. <\/b><span style=\"font-weight: 400;\">Ilo\u015b\u0107 miejsc ograniczona. Bilety w cenie 9 z\u0142 do nabycia we wszystkich oddzia\u0142ach SCK oraz on-line na<\/span><a href=\"http:\/\/www.bilety.siemck.pl\/\"> <span style=\"font-weight: 400;\">www.bilety.siemck.pl<\/span><\/a><\/p>\n<p>&nbsp;<\/p>\n<p><span style=\"font-weight: 400;\">8 sierpnia (czwartek) SCK \u2013 Park Tradycji, godz. 17.00,<\/span><b> Klub Gier Planszowych. <\/b><span style=\"font-weight: 400;\">Wst\u0119p wolny.<\/span><\/p>\n<p>&nbsp;<\/p>\n<p><span style=\"font-weight: 400;\">9 sierpnia (pi\u0105tek)<\/span> <span style=\"font-weight: 400;\">SCK \u2013 Park Tradycji, godz. 20.00, <\/span><b>Chill Time Pod Szybem Krystyn \u2013 Piotr K. &amp; Band. <\/b><span style=\"font-weight: 400;\">Wst\u0119p wolny.<\/span><\/p>\n<p>&nbsp;<\/p>\n<p><span style=\"font-weight: 400;\">9 sierpnia (pi\u0105tek) SCK \u2013 Park Tradycji, godz. 16.00, Kino <\/span><b>Seniora 60+<\/b><span style=\"font-weight: 400;\">. Ilo\u015b\u0107 miejsc ograniczona. Wst\u0119p wolny za okazaniem Siemianowickiej Karty Seniora.<\/span><\/p>\n<p>&nbsp;<\/p>\n<p><span style=\"font-weight: 400;\">9 sierpnia (pi\u0105tek) SCK \u2013 Willa Fitznera, godz. 17.00,<\/span> <b>Fitzner Cafe.<\/b> <span style=\"font-weight: 400;\">Bilety w cenie 5z\u0142 do nabycia w kasach SCK oraz on-line na <\/span><a href=\"http:\/\/www.bilety.siemck.pl\"><span style=\"font-weight: 400;\">www.bilety.siemck.pl<\/span><\/a><\/p>\n<p>&nbsp;<\/p>\n<p><span style=\"font-weight: 400;\">10 sierpnia (sobota) Amfiteatr, godz. 17.00,<\/span><b> Koncert zespo\u0142u pro-WOKALNI <\/b><span style=\"font-weight: 400;\">(Najwi\u0119ksze przeboje polskiej muzyki rozrywkowej. Piosenki m.in. Czerwonych Gitar, Skald\u00f3w, Maryli Rodowicz). Wst\u0119p wolny.<\/span><\/p>\n<p>&nbsp;<\/p>\n<p><span style=\"font-weight: 400;\">11 sierpnia (niedziela) SCK \u2013 Jarz\u0119bina, godz. 8.00, <\/span><b>Wycieczka \u2013 Wieliczka kopalnia soli.<\/b><span style=\"font-weight: 400;\"> Bilety w cenie 100 z\u0142 (doro\u015bli) \/ 90 z\u0142 (dzieci, m\u0142odzie\u017c, emeryci, renci\u015bci) do nabycia w oddziale SCK &#8211; Jarz\u0119bina. Zbi\u00f3rka przy sklepie spo\u017cywczym przy ul. Kasztanowej. <\/span><\/p>\n<p>&nbsp;<\/p>\n<p><span style=\"font-weight: 400;\">12 sierpnia (poniedzia\u0142ek) SCK \u2013 Bytk\u00f3w, godz. 11.00 \u2013 13.00, <\/span><b>Warsztaty ta\u0144ca HIP \u2013 HOP. <\/b><span style=\"font-weight: 400;\">Wst\u0119p wolny.<\/span><\/p>\n<p>&nbsp;<\/p>\n<p><span style=\"font-weight: 400;\">13 sierpnia (wtorek) SCK \u2013 Bytk\u00f3w, godz. 11.00 \u2013 13.00, <\/span><b>Warsztaty ta\u0144ca HIP \u2013 HOP. <\/b><span style=\"font-weight: 400;\">Wst\u0119p wolny.<\/span><\/p>\n<p>&nbsp;<\/p>\n<p><span style=\"font-weight: 400;\">13 sierpnia (wtorek) SCK \u2013 Park Tradycji,<\/span> <span style=\"font-weight: 400;\">godz. 10.00, <\/span><b>Akcja Lato \u2013 Bajkowe Kino w Parku Tradycji. <\/b><span style=\"font-weight: 400;\">Ilo\u015b\u0107 miejsc ograniczona \u2013 wst\u0119p wolny.<\/span><\/p>\n<p>&nbsp;<\/p>\n<p><span style=\"font-weight: 400;\">13 sierpnia (wtorek) Pracownia Kreatywna H<\/span><span style=\"font-weight: 400;\">2<\/span><span style=\"font-weight: 400;\">O, godz. 11.00, <\/span><b>Zaj\u0119cia indywidualne dla dzieci w wieku 5 &#8211; 7 lat. Ilo\u015b\u0107 miejsc ograniczona.<\/b><span style=\"font-weight: 400;\"> Bilety w cenie 9 z\u0142 do nabycia we wszystkich oddzia\u0142ach SCK oraz on-line na <\/span><a href=\"http:\/\/www.bilety.siemck.pl\"><span style=\"font-weight: 400;\">www.bilety.siemck.pl<\/span><\/a><\/p>\n<p>&nbsp;<\/p>\n<p><span style=\"font-weight: 400;\">13 sierpnia (wtorek) SCK \u2013 Willa Fitznera, godz. 20.30 &#8211; 22.00, <\/span><b>Kino letnie.<\/b><span style=\"font-weight: 400;\"> Wst\u0119p wolny.<\/span><\/p>\n<p>&nbsp;<\/p>\n<p><span style=\"font-weight: 400;\">14 sierpnia (\u015broda) SCK \u2013 Willa Fitznera, godz. 18.00, <\/span><b>Ka\u017cdy \u015bpiewa\u0107 mo\u017ce.<\/b><span style=\"font-weight: 400;\"> Wst\u0119p wolny.<\/span><\/p>\n<p>&nbsp;<\/p>\n<p><span style=\"font-weight: 400;\">16 sieprnia (pi\u0105tek) SCK \u2013 Park Tradycji, godz. 20.00, <\/span><b>Chill Time Pod Szybem Krystyn \u2013 Khra Daliva. <\/b><span style=\"font-weight: 400;\">Wst\u0119p wolny.<\/span><\/p>\n<p>&nbsp;<\/p>\n<p><span style=\"font-weight: 400;\">16 sierpnia (pi\u0105tek) SCK \u2013 Willa Fitznera, godz. 17.00,<\/span> <b>Fitzner Cafe.<\/b> <span style=\"font-weight: 400;\">Bilety w cenie 5z\u0142 do nabycia w kasach SCK oraz on-line na <\/span><a href=\"http:\/\/www.bilety.siemck.pl\"><span style=\"font-weight: 400;\">www.bilety.siemck.pl<\/span><\/a><\/p>\n<p>&nbsp;<\/p>\n<p><span style=\"font-weight: 400;\">17 sierpnia (sobota) SCK \u2013 Jarz\u0119bina, godz. 11.00 -18.30, <\/span><b>\u201eSobota na skwerze Jarz\u0119bina\u201d<\/b><span style=\"font-weight: 400;\"> (11.00 \u2013 15.00 dmucha\u0144ce, gry i zabawy dla dzieci; <\/span><span style=\"font-weight: 400;\">15:30 \u2013 17.00 koncert plenerowy<\/span><span style=\"font-weight: 400;\">). Wst\u0119p wolny.<\/span><\/p>\n<p>&nbsp;<\/p>\n<p><span style=\"font-weight: 400;\">17 sierpnia (sobota) Amfiteatr, godz. 17.00, <\/span><b>Koncert z okazji 100 rocznicy Powsta\u0144 \u015al\u0105skich<\/b><span style=\"font-weight: 400;\">. Wst\u0119p wolny.<\/span><\/p>\n<p>&nbsp;<\/p>\n<p><span style=\"font-weight: 400;\">18 sierpnia (niedziela) SCK \u2013 Jarz\u0119bina, godz. 9.00, <\/span><b>Wycieczka \u2013 rejs statkiem po Odrze, biesiada w stodole.<\/b><span style=\"font-weight: 400;\"> Bilety w cenie 90 z\u0142 do nabycia w oddziale SCK &#8211; Jarz\u0119bina. Zbi\u00f3rka przy sklepie spo\u017cywczym przy ul. Kasztanowej. <\/span><\/p>\n<p>&nbsp;<\/p>\n<p><span style=\"font-weight: 400;\">18 sierpnia (niedziela) Rynek Miejski, Park Miejski, Park Pszczelnik, godz. 16.00, <\/span><b>Pirackie Siemianowice 5.0: Z powrotem w domu<\/b><span style=\"font-weight: 400;\"> &#8211; happening. Wst\u0119p wolny.<\/span><\/p>\n<p>&nbsp;<\/p>\n<p><span style=\"font-weight: 400;\">20 sierpnia (wtorek) SCK \u2013 Bytk\u00f3w, godz. 10.00,<\/span><b> Warsztaty ceramiczne dla dzieci. <\/b><span style=\"font-weight: 400;\">Wst\u0119p wolny. <\/span> <span style=\"font-weight: 400;\"><br \/>\n<\/span><span style=\"font-weight: 400;\">* Ilo\u015b\u0107 miejsc ograniczona, zg\u0142oszenia telefoniczne.<\/span><\/p>\n<p>&nbsp;<\/p>\n<p><span style=\"font-weight: 400;\">20 sierpnia (wtorek) SCK \u2013 Park Tradycji,<\/span> <span style=\"font-weight: 400;\">godz. 10.00, <\/span><b>Akcja Lato \u2013 Bajkowe Kino w Parku Tradycji. <\/b><span style=\"font-weight: 400;\">Ilo\u015b\u0107 miejsc ograniczona. Wst\u0119p wolny.<\/span><\/p>\n<p>&nbsp;<\/p>\n<p><span style=\"font-weight: 400;\">20 sierpnia (wtorek) Pracownia Kreatywna H<\/span><span style=\"font-weight: 400;\">2<\/span><span style=\"font-weight: 400;\">O, godz. 11.00, <\/span><b>Zaj\u0119cia indywidualne dla dzieci w wieku 5 &#8211; 7 lat. Ilo\u015b\u0107 miejsc ograniczona.<\/b><span style=\"font-weight: 400;\"> Bilety w cenie 9 z\u0142 do nabycia we wszystkich oddzia\u0142ach SCK oraz on-line na <\/span><a href=\"http:\/\/www.bilety.siemck.pl\"><span style=\"font-weight: 400;\">www.bilety.siemck.pl<\/span><\/a><\/p>\n<p>&nbsp;<\/p>\n<p><span style=\"font-weight: 400;\">20 sierpnia (wtorek) SCK \u2013 Willa Fitznera, godz. 20.30 22.00, <\/span><b>Kino letnie.<\/b><span style=\"font-weight: 400;\"> Wst\u0119p wolny.<\/span><\/p>\n<p>&nbsp;<\/p>\n<p><span style=\"font-weight: 400;\">21 sierpnia (\u015broda) SCK \u2013 Willa Fitznera, godz. 18.00, <\/span><b>Ka\u017cdy \u015bpiewa\u0107 mo\u017ce.<\/b><span style=\"font-weight: 400;\"> Wst\u0119p wolny.<\/span><\/p>\n<p>&nbsp;<\/p>\n<p><span style=\"font-weight: 400;\">22 sierpnia (czwartek) SCK \u2013 Park Tradycji,<\/span> <span style=\"font-weight: 400;\">godz. 10.00, <\/span><b>Akcja Lato \u2013 Bajkowe Kino w Parku Tradycji. <\/b><span style=\"font-weight: 400;\">Ilo\u015b\u0107 miejsc ograniczona. Wst\u0119p wolny.<\/span><\/p>\n<p>&nbsp;<\/p>\n<p><span style=\"font-weight: 400;\">22 sierpnia (czwartek) Pracownia Kreatywna H<\/span><span style=\"font-weight: 400;\">2<\/span><span style=\"font-weight: 400;\">O, godz. 17.00<\/span><b>, Zaj\u0119cia indywidualne dla dzieci powy\u017cej 8 roku \u017cyciu. <\/b><span style=\"font-weight: 400;\">Ilo\u015b\u0107 miejsc ograniczona. Bilety w cenie 9 z\u0142 do nabycia we wszystkich oddzia\u0142ach SCK oraz on-line na<\/span><a href=\"http:\/\/www.bilety.siemck.pl\/\"> <span style=\"font-weight: 400;\">www.bilety.siemck.pl<\/span><\/a><\/p>\n<p>&nbsp;<\/p>\n<p><span style=\"font-weight: 400;\">22 sierpnia (czwartek) SCK \u2013 Park Tradycji, godz. 17.00,<\/span><b> Klub Gier Planszowych. <\/b><span style=\"font-weight: 400;\">Wst\u0119p wolny.<\/span><\/p>\n<p>&nbsp;<\/p>\n<p><span style=\"font-weight: 400;\">22 sierpnia (czwartek) SCK \u2013 Willa Fitznera, godz. 20.30 &#8211; 22.00, <\/span><b>Kino letnie.<\/b><span style=\"font-weight: 400;\"> Wst\u0119p wolny.<\/span><\/p>\n<p>&nbsp;<\/p>\n<p><span style=\"font-weight: 400;\">23 sierpnia (pi\u0105tek) SCK \u2013 Willa Fitznera, godz. 17.00,<\/span> <b>Fitzner Cafe.<\/b> <span style=\"font-weight: 400;\">Bilety w cenie 5z\u0142 do nabycia w kasach SCK oraz on-line na <\/span><a href=\"http:\/\/www.bilety.siemck.pl\"><span style=\"font-weight: 400;\">www.bilety.siemck.pl<\/span><\/a><\/p>\n<p>&nbsp;<\/p>\n<p><span style=\"font-weight: 400;\">23 sieprnia (pi\u0105tek) SCK \u2013 Park Tradycji, godz. 20.00, <\/span><b>Chill Time Pod Szybem Krystyn \u2013 Coast Patrol. <\/b><span style=\"font-weight: 400;\">Wst\u0119p wolny.<\/span><\/p>\n<p><span style=\"font-weight: 400;\">24 sierpnia (sobota) Amfiteatr, godz. 17.00, <\/span><b>Letnie \u015bwi\u0119to Folkloru &#8211; <\/b><span style=\"font-weight: 400;\">\u00a0wyst\u0105pi\u0105: Zesp\u00f3\u0142 Pie\u015bni i Ta\u0144ca Siemianowice oraz zespo\u0142y bior\u0105ce udzia\u0142 w Mi\u0119dzynarodowym Studenckim Festiwalu Folklorystycznym. Wst\u0119p wolny.<\/span><\/p>\n<p>&nbsp;<\/p>\n<p><span style=\"font-weight: 400;\">25 sierpnia (niedziela) SCK \u2013 Jarz\u0119bina, godz. 7.00, <\/span><b>Wycieczka \u2013 Szaflary i Zakopane<\/b><span style=\"font-weight: 400;\">. Bilety w cenie 60 z\u0142 do nabycia w oddziale SCK &#8211; Jarz\u0119bina. Zbi\u00f3rka przy sklepie spo\u017cywczym przy ul. Kasztanowej. <\/span><\/p>\n<p>&nbsp;<\/p>\n<p><span style=\"font-weight: 400;\">25 sierpnia (niedziela) SCK \u2013 Park Tradycji, godz. 10.00<\/span><b>, End Of Summer \u2013 zlot samochod\u00f3w tuningowych.<\/b><span style=\"font-weight: 400;\"> Wst\u0119p wolny.<\/span><\/p>\n<p>&nbsp;<\/p>\n<p><span style=\"font-weight: 400;\">26 sierpnia (poniedzia\u0142ek) SCK \u2013 Bytk\u00f3w, godz. 10.00, <\/span><b>\u201eWielka ba\u015bniowa inscenizacja\u201d warsztaty teatralne \u2013 g\u0142o\u015b, czyli warsztaty mowy i intonacji.<\/b><span style=\"font-weight: 400;\"> Wst\u0119p wolny. <\/span><\/p>\n<p>&nbsp;<\/p>\n<p><span style=\"font-weight: 400;\">27 sierpnia (wtorek) SCK \u2013 Bytk\u00f3w, godz. 10.00<\/span><b>, \u201eWielka ba\u015bniowa inscenizacja\u201d warsztaty teatralne \u2013 tworzenie postaci. <\/b><span style=\"font-weight: 400;\">Wst\u0119p wolny. <\/span><\/p>\n<p>&nbsp;<\/p>\n<p><span style=\"font-weight: 400;\">27 sierpnia (wtorek) Pracownia Kreatywna H<\/span><span style=\"font-weight: 400;\">2<\/span><span style=\"font-weight: 400;\">O, godz. 11.00, <\/span><b>Zaj\u0119cia indywidualne dla dzieci w wieku 5 &#8211; 7 lat. Ilo\u015b\u0107 miejsc ograniczona.<\/b><span style=\"font-weight: 400;\"> Bilety w cenie 9 z\u0142 do nabycia we wszystkich oddzia\u0142ach SCK oraz on-line na <\/span><a href=\"http:\/\/www.bilety.siemck.pl\"><span style=\"font-weight: 400;\">www.bilety.siemck.pl<\/span><\/a><\/p>\n<p>&nbsp;<\/p>\n<p><span style=\"font-weight: 400;\">27 sierpnia (wtorek) SCK \u2013 Bytk\u00f3w, godz. 10.00,<\/span><b> Warsztaty ceramiczne dla dzieci. <\/b><span style=\"font-weight: 400;\">Wst\u0119p wolny. <\/span> <span style=\"font-weight: 400;\"><br \/>\n<\/span><span style=\"font-weight: 400;\">* Ilo\u015b\u0107 miejsc ograniczona, zg\u0142oszenia telefoniczne.<\/span><\/p>\n<p>&nbsp;<\/p>\n<p><span style=\"font-weight: 400;\">27 sierpnia (wtorek) SCK \u2013 Park Tradycji,<\/span> <span style=\"font-weight: 400;\">godz. 10.00, <\/span><b>Akcja Lato \u2013 Bajkowe Kino w Parku Tradycji. <\/b><span style=\"font-weight: 400;\">Ilo\u015b\u0107 miejsc ograniczona. Wst\u0119p wolny.<\/span><\/p>\n<p>&nbsp;<\/p>\n<p><span style=\"font-weight: 400;\">27 sierpnia (wtorek) SCK \u2013 Willa Fitznera, godz. 20.30 &#8211; 22.00, <\/span><b>Kino letnie.<\/b><span style=\"font-weight: 400;\"> Wst\u0119p wolny.<\/span><\/p>\n<p>&nbsp;<\/p>\n<p><span style=\"font-weight: 400;\">28 sierpnia (\u015broda) SCK \u2013 Willa Fitznera, godz. 18.00, <\/span><b>Ka\u017cdy \u015bpiewa\u0107 mo\u017ce.<\/b><span style=\"font-weight: 400;\"> Wst\u0119p wolny.<\/span><\/p>\n<p>&nbsp;<\/p>\n<p><span style=\"font-weight: 400;\">28 sierpnia (\u015broda) SCK \u2013 Bytk\u00f3w, godz. 10.00, <\/span><b>\u201eWielka ba\u015bniowa inscenizacja\u201d warsztaty teatralne \u2013 scenografia. <\/b><span style=\"font-weight: 400;\">Wst\u0119p wolny.<\/span><\/p>\n<p>&nbsp;<\/p>\n<p><span style=\"font-weight: 400;\">29 sierpnia (czwartek) SCK \u2013 Bytk\u00f3w, godz. 10.00<\/span><b>, \u201eWielka ba\u015bniowa inscenizacja\u201d warsztaty teatralne \u2013 zapraszamy do \u015bwiata naszej bajki, czyli tworzymy spektakl.<\/b><span style=\"font-weight: 400;\"> Wst\u0119p wolny. <\/span><\/p>\n<p>&nbsp;<\/p>\n<p><span style=\"font-weight: 400;\">29 sierpnia (czwartek) Pracownia Kreatywna H<\/span><span style=\"font-weight: 400;\">2<\/span><span style=\"font-weight: 400;\">O, godz. 17.00<\/span><b>, Zaj\u0119cia indywidualne dla dzieci powy\u017cej 8 roku \u017cyciu. <\/b><span style=\"font-weight: 400;\">Ilo\u015b\u0107 miejsc ograniczona. Bilety w cenie 9 z\u0142 do nabycia we wszystkich oddzia\u0142ach SCK oraz on-line na<\/span><a href=\"http:\/\/www.bilety.siemck.pl\/\"> <span style=\"font-weight: 400;\">www.bilety.siemck.pl<\/span><\/a><\/p>\n<p>&nbsp;<\/p>\n<p><span style=\"font-weight: 400;\">29 sierpnia (czwartek) SCK \u2013 Park Tradycji,<\/span> <span style=\"font-weight: 400;\">godz. 10.00, <\/span><b>Akcja Lato \u2013 Bajkowe Kino w Parku Tradycji. <\/b><span style=\"font-weight: 400;\">Ilo\u015b\u0107 miejsc ograniczona. Wst\u0119p wolny.<\/span><\/p>\n<p>&nbsp;<\/p>\n<p><span style=\"font-weight: 400;\">29 sierpnia (czwartek) SCK \u2013 Park Tradycji, godz. 17.00,<\/span><b> Klub Gier Planszowych. <\/b><span style=\"font-weight: 400;\">Wst\u0119p wolny.<\/span><\/p>\n<p>&nbsp;<\/p>\n<p><span style=\"font-weight: 400;\">29 sierpnia (czwartek) SCK \u2013 Willa Fitznera, godz. 20.30 &#8211; 22.00, <\/span><b>Kino letnie.<\/b><span style=\"font-weight: 400;\"> Wst\u0119p wolny.<\/span><\/p>\n<p>&nbsp;<\/p>\n<p><span style=\"font-weight: 400;\">30 sierpnia (pi\u0105tek) SCK \u2013 Willa Fitznera, godz. 17.00,<\/span> <b>Fitzner Cafe.<\/b> <span style=\"font-weight: 400;\">Bilety w cenie 5z\u0142 do nabycia w kasach SCK oraz on-line na <\/span><a href=\"http:\/\/www.bilety.siemck.pl\"><span style=\"font-weight: 400;\">www.bilety.siemck.pl<\/span><\/a><\/p>\n<p>&nbsp;<\/p>\n<p><span style=\"font-weight: 400;\">30 sierpnia (pi\u0105tek) SCK \u2013 Park Tradycji, godz. 20.00, <\/span><b>Chill Time Pod Szybem Krystyn \u2013 Beat Le Juice. <\/b><span style=\"font-weight: 400;\">Wst\u0119p wolny.<\/span><\/p>\n<p>&nbsp;<\/p>\n<p><span style=\"font-weight: 400;\">31 sierpnia (sobota) SCK \u2013 Park Tradycji, godz. 10.00, <\/span><b>Piknik Zdrowia.<\/b><span style=\"font-weight: 400;\"> Wst\u0119p wolny.<\/span><\/p>\n<p>&nbsp;<\/p>\n<p><span style=\"font-weight: 400;\">31 sierpnia (sobota) Amfiteatr, godz. 17.00, <\/span><b>Koncert Nairy Ayvazyan \u2013 najwi\u0119ksze przeboje operetki i musicalu. <\/b><span style=\"font-weight: 400;\">Wst\u0119p wolny.<\/span><\/p>\n","protected":false},"excerpt":{"rendered":"<p>Siemianowickie Centrum Kultury zaprasza do udzia\u0142u w wydarzeniach w ramach Akcji Lato! &nbsp; 2 lipca (wtorek) SCK \u2013 Park Tradycji, godz. 10.00, Akcja Lato \u2013 Bajkowe Kino w Parku Tradycji. Ilo\u015b\u0107 miejsc ograniczona. Wst\u0119p wolny. &nbsp; 2 lipca (wtorek) Pracownia Kreatywna H2O, godz. 11.00, Zaj\u0119cia indywidualne dla dzieci w wieku 5 &#8211; 7 lat. Ilo\u015b\u0107 [&hellip;]<\/p>\n","protected":false},"author":8,"featured_media":11927,"comment_status":"closed","ping_status":"open","sticky":false,"template":"","format":"standard","meta":[],"categories":[1],"tags":[],"_links":{"self":[{"href":"https:\/\/www.siemck.pl\/wp-json\/wp\/v2\/posts\/11926"}],"collection":[{"href":"https:\/\/www.siemck.pl\/wp-json\/wp\/v2\/posts"}],"about":[{"href":"https:\/\/www.siemck.pl\/wp-json\/wp\/v2\/types\/post"}],"author":[{"embeddable":true,"href":"https:\/\/www.siemck.pl\/wp-json\/wp\/v2\/users\/8"}],"replies":[{"embeddable":true,"href":"https:\/\/www.siemck.pl\/wp-json\/wp\/v2\/comments?post=11926"}],"version-history":[{"count":5,"href":"https:\/\/www.siemck.pl\/wp-json\/wp\/v2\/posts\/11926\/revisions"}],"predecessor-version":[{"id":12017,"href":"https:\/\/www.siemck.pl\/wp-json\/wp\/v2\/posts\/11926\/revisions\/12017"}],"wp:featuredmedia":[{"embeddable":true,"href":"https:\/\/www.siemck.pl\/wp-json\/wp\/v2\/media\/11927"}],"wp:attachment":[{"href":"https:\/\/www.siemck.pl\/wp-json\/wp\/v2\/media?parent=11926"}],"wp:term":[{"taxonomy":"category","embeddable":true,"href":"https:\/\/www.siemck.pl\/wp-json\/wp\/v2\/categories?post=11926"},{"taxonomy":"post_tag","embeddable":true,"href":"https:\/\/www.siemck.pl\/wp-json\/wp\/v2\/tags?post=11926"}],"curies":[{"name":"wp","href":"https:\/\/api.w.org\/{rel}","templated":true}]}}