{"id":11541,"date":"2019-05-31T10:37:37","date_gmt":"2019-05-31T08:37:37","guid":{"rendered":"https:\/\/siemck.pl\/?p=11541"},"modified":"2019-05-31T10:37:37","modified_gmt":"2019-05-31T08:37:37","slug":"wojewodzki-festiwal-piosenki-dzieciecej-i-mlodziezowej-siemianowice-2019-protokol-obrad-jury","status":"publish","type":"post","link":"https:\/\/www.siemck.pl\/wojewodzki-festiwal-piosenki-dzieciecej-i-mlodziezowej-siemianowice-2019-protokol-obrad-jury\/","title":{"rendered":"Wojew\u00f3dzki Festiwal Piosenki Dzieci\u0119cej i M\u0142odzie\u017cowej &#8222;Siemianowice 2019&#8221; &#8211; protok\u00f3\u0142 obrad jury"},"content":{"rendered":"<p>W czwartek, 30 maja, w Siemianowickim Centrum Kultury &#8211; Bytk\u00f3w odby\u0142 si\u0119 fina\u0142 V Wojew\u00f3dzkiego Festiwalu Piosenki Dzieci\u0119cej i M\u0142odzie\u017cowej &#8222;Siemianowice 2019&#8221;. Na Festiwal zg\u0142osi\u0142o si\u0119 oko\u0142o stu uczestnik\u00f3w z ca\u0142ego wojew\u00f3dztwa, spo\u015br\u00f3d kt\u00f3rych jury wybra\u0142o dwudziestu czterech finalist\u00f3w. Uczestnicy podzieleni byli na kategorie wiekowe. Najm\u0142odsi wykonawcy mieli 4 lata, najstarsi 19. Na scenie prezentowali si\u0119 soli\u015bci i zespo\u0142y reprezentuj\u0105cy ca\u0142e wojew\u00f3dztwo \u015bl\u0105skie. Byli reprezentanci m.in. Jaworzna, Bielska-Bia\u0142ej, Cz\u0119stochowy, Chorzowa, Gliwic. M\u0142odzi arty\u015bci starannie przygotowani przez swoich instruktor\u00f3w do wyst\u0119pu, wspierani przez rodzic\u00f3w i wspania\u0142\u0105 publiczno\u015b\u0107 pi\u0119knie prezentowali si\u0119 na scenie. Swoim talentem i kunsztem zachwyci\u0142 wszystkich Kacper Przybylski z Cz\u0119stochowy. Pi\u0119knie wykona\u0142 piosenk\u0119 \u201eNiebo to my\u201d &#8211; w swojej kategorii wiekowej (10-14 lat) zaj\u0105\u0142 pierwsze miejsce. Siemianowickie Centrum \u00a0 \u00a0 \u00a0 \u00a0 Kultury postanowi\u0142o przyzna\u0107 mu specjalna nagrod\u0119 w postaci wyst\u0119pu w amfiteatrze podczas tegorocznych Dni Miasta przed zespo\u0142em VOX \u2013 9 czerwca oko\u0142o godz. 16.30. Serdecznie zapraszamy. Kacper ma nieprzeci\u0119tny talent wokalny i warto go pos\u0142ucha\u0107 zanim podbije sceny kraju, Europy a mo\u017ce i \u015bwiata \u2013 czego mu serdecznie \u017cyczymy. Pomimo wielu wspania\u0142ych talent\u00f3w i pi\u0119knych wykona\u0144 jury musia\u0142o przyzna\u0107 poszczeg\u00f3lne miejsca. Nie by\u0142o to \u0142atwe zadanie ale festiwal ma swoje prawa. Protok\u00f3\u0142 przedstawiamy poni\u017cej. Wszystkim serdecznie gratulujemy.<\/p>\n<p>Do pobrania:\u00a0<a href=\"https:\/\/siemck.pl\/wp-content\/uploads\/protok\u00f3\u0142-2019-fina\u0142-festiwalu.pdf\">protok\u00f3\u0142 2019 fina\u0142 festiwalu<\/a><\/p>\n","protected":false},"excerpt":{"rendered":"<p>W czwartek, 30 maja, w Siemianowickim Centrum Kultury &#8211; Bytk\u00f3w odby\u0142 si\u0119 fina\u0142 V Wojew\u00f3dzkiego Festiwalu Piosenki Dzieci\u0119cej i M\u0142odzie\u017cowej &#8222;Siemianowice 2019&#8221;. Na Festiwal zg\u0142osi\u0142o si\u0119 oko\u0142o stu uczestnik\u00f3w z ca\u0142ego wojew\u00f3dztwa, spo\u015br\u00f3d kt\u00f3rych jury wybra\u0142o dwudziestu czterech finalist\u00f3w. Uczestnicy podzieleni byli na kategorie wiekowe. Najm\u0142odsi wykonawcy mieli 4 lata, najstarsi 19. Na scenie prezentowali [&hellip;]<\/p>\n","protected":false},"author":6,"featured_media":11543,"comment_status":"closed","ping_status":"open","sticky":false,"template":"","format":"standard","meta":[],"categories":[1],"tags":[],"_links":{"self":[{"href":"https:\/\/www.siemck.pl\/wp-json\/wp\/v2\/posts\/11541"}],"collection":[{"href":"https:\/\/www.siemck.pl\/wp-json\/wp\/v2\/posts"}],"about":[{"href":"https:\/\/www.siemck.pl\/wp-json\/wp\/v2\/types\/post"}],"author":[{"embeddable":true,"href":"https:\/\/www.siemck.pl\/wp-json\/wp\/v2\/users\/6"}],"replies":[{"embeddable":true,"href":"https:\/\/www.siemck.pl\/wp-json\/wp\/v2\/comments?post=11541"}],"version-history":[{"count":1,"href":"https:\/\/www.siemck.pl\/wp-json\/wp\/v2\/posts\/11541\/revisions"}],"predecessor-version":[{"id":11544,"href":"https:\/\/www.siemck.pl\/wp-json\/wp\/v2\/posts\/11541\/revisions\/11544"}],"wp:featuredmedia":[{"embeddable":true,"href":"https:\/\/www.siemck.pl\/wp-json\/wp\/v2\/media\/11543"}],"wp:attachment":[{"href":"https:\/\/www.siemck.pl\/wp-json\/wp\/v2\/media?parent=11541"}],"wp:term":[{"taxonomy":"category","embeddable":true,"href":"https:\/\/www.siemck.pl\/wp-json\/wp\/v2\/categories?post=11541"},{"taxonomy":"post_tag","embeddable":true,"href":"https:\/\/www.siemck.pl\/wp-json\/wp\/v2\/tags?post=11541"}],"curies":[{"name":"wp","href":"https:\/\/api.w.org\/{rel}","templated":true}]}}