{"id":11452,"date":"2019-05-07T12:10:28","date_gmt":"2019-05-07T10:10:28","guid":{"rendered":"https:\/\/siemck.pl\/?p=11452"},"modified":"2019-05-07T12:10:28","modified_gmt":"2019-05-07T10:10:28","slug":"industriada-2019","status":"publish","type":"post","link":"https:\/\/www.siemck.pl\/industriada-2019\/","title":{"rendered":"INDUSTRIADA 2019"},"content":{"rendered":"<p>Przemys\u0142owe serce Polski bije w wojew\u00f3dztwie \u015bl\u0105skim. Tu ka\u017cdego roku odbywa si\u0119 INDUSTRIADA \u2013 \u015bwi\u0119to Szlaku Zabytk\u00f3w Techniki i najwi\u0119kszy festiwal dziedzictwa przemys\u0142owego w naszej cz\u0119\u015bci Europy. Pe\u0142na moc w sobot\u0119 8 czerwca, rozruch maszyn w pi\u0105tek wieczorem.<\/p>\n<p>&nbsp;<\/p>\n<p>W tym roku INDUSTRIADA obchodzi dziesi\u0105te urodziny! Jubileusz zobowi\u0105zuje, uskrzydla. To jest czas na bal! INDU-bal! \u015awi\u0119tujmy razem, bo to nasze wsp\u00f3lne dziedzictwo. Wszyscy jeste\u015bmy przemys\u0142owcami \u2013 postaci z historii, ludzie Szlaku i publiczno\u015b\u0107 festiwalu. Od Cz\u0119stochowy przez Bielsko-Bia\u0142\u0105 po \u017bywiec, od Gliwic do D\u0105browy G\u00f3rniczej, od Tarnowskich G\u00f3r do Rybnika, a tak\u017ce w Siemianowicach \u015al., w SCK \u2013 Parku Tradycji!<\/p>\n<p>&nbsp;<\/p>\n<p>INDU-bal \u2013 wielkie \u015bwi\u0119to Szlaku Zabytk\u00f3w Techniki po\u0142\u0105czy przesz\u0142o\u015b\u0107 z przysz\u0142o\u015bci\u0105 w pomara\u0144czowym karnawale u progu lata. Pota\u0144c\u00f3wka przy wie\u017cy szybowej, fajrant u majstra, bal u arystokraty, disco pod ziemi\u0105 roz\u015bwietl\u0105 histori\u0119 przemys\u0142u i histori\u0119 Szlaku. Wiwat INDUSTRIADA 2019!<\/p>\n<p>&nbsp;<\/p>\n<p>Program Rozruchu Maszyn podamy 9 maja. Program Industriady opublikujemy 23 maja.<\/p>\n","protected":false},"excerpt":{"rendered":"<p>Przemys\u0142owe serce Polski bije w wojew\u00f3dztwie \u015bl\u0105skim. Tu ka\u017cdego roku odbywa si\u0119 INDUSTRIADA \u2013 \u015bwi\u0119to Szlaku Zabytk\u00f3w Techniki i najwi\u0119kszy festiwal dziedzictwa przemys\u0142owego w naszej cz\u0119\u015bci Europy. Pe\u0142na moc w sobot\u0119 8 czerwca, rozruch maszyn w pi\u0105tek wieczorem. &nbsp; W tym roku INDUSTRIADA obchodzi dziesi\u0105te urodziny! Jubileusz zobowi\u0105zuje, uskrzydla. To jest czas na bal! INDU-bal! [&hellip;]<\/p>\n","protected":false},"author":8,"featured_media":11453,"comment_status":"closed","ping_status":"open","sticky":false,"template":"","format":"standard","meta":[],"categories":[1],"tags":[],"_links":{"self":[{"href":"https:\/\/www.siemck.pl\/wp-json\/wp\/v2\/posts\/11452"}],"collection":[{"href":"https:\/\/www.siemck.pl\/wp-json\/wp\/v2\/posts"}],"about":[{"href":"https:\/\/www.siemck.pl\/wp-json\/wp\/v2\/types\/post"}],"author":[{"embeddable":true,"href":"https:\/\/www.siemck.pl\/wp-json\/wp\/v2\/users\/8"}],"replies":[{"embeddable":true,"href":"https:\/\/www.siemck.pl\/wp-json\/wp\/v2\/comments?post=11452"}],"version-history":[{"count":2,"href":"https:\/\/www.siemck.pl\/wp-json\/wp\/v2\/posts\/11452\/revisions"}],"predecessor-version":[{"id":11455,"href":"https:\/\/www.siemck.pl\/wp-json\/wp\/v2\/posts\/11452\/revisions\/11455"}],"wp:featuredmedia":[{"embeddable":true,"href":"https:\/\/www.siemck.pl\/wp-json\/wp\/v2\/media\/11453"}],"wp:attachment":[{"href":"https:\/\/www.siemck.pl\/wp-json\/wp\/v2\/media?parent=11452"}],"wp:term":[{"taxonomy":"category","embeddable":true,"href":"https:\/\/www.siemck.pl\/wp-json\/wp\/v2\/categories?post=11452"},{"taxonomy":"post_tag","embeddable":true,"href":"https:\/\/www.siemck.pl\/wp-json\/wp\/v2\/tags?post=11452"}],"curies":[{"name":"wp","href":"https:\/\/api.w.org\/{rel}","templated":true}]}}