{"id":11448,"date":"2019-05-07T12:07:08","date_gmt":"2019-05-07T10:07:08","guid":{"rendered":"https:\/\/siemck.pl\/?p=11448"},"modified":"2019-05-16T13:32:19","modified_gmt":"2019-05-16T11:32:19","slug":"xxxvii-dni-siemianowic-slaskich","status":"publish","type":"post","link":"https:\/\/www.siemck.pl\/xxxvii-dni-siemianowic-slaskich\/","title":{"rendered":"XXXVII DNI SIEMIANOWIC \u015aL\u0104SKICH"},"content":{"rendered":"<p>Tegoroczne <strong>XXXVII Dni Siemianowic \u015al\u0105skich<\/strong> zapowiadaj\u0105 si\u0119 na wyj\u0105tkowo. W dniach <strong>6-9 czerwca 2019 roku <\/strong>zapraszamy na <strong>galowy koncert Zespo\u0142u Pie\u015bni i Ta\u0144ca \u201e\u015al\u0105sk\u201d,<\/strong> <strong>Rozruch Maszyn, X edycj\u0119 Industriady oraz r\u00f3\u017cnorodne koncerty, pokazy i inne wydarzenia<\/strong>.<\/p>\n<p>\u015awi\u0119towanie dni miasta rozpoczniemy w <strong>czwartek 6 czerwca o godzinie 19.00<\/strong> od koncertu galowego <strong>Zespo\u0142u Pie\u015bni i Ta\u0144ca \u201e\u015al\u0105sk\u201d<\/strong>, zatytu\u0142owanego <strong>\u201eA to Polska w\u0142a\u015bnie\u201d\u201d,<\/strong> kt\u00f3ry odb\u0119dzie si\u0119 w amfiteatrze, w siemianowickim Parku Miejskim (ul. Chopina 1). Wst\u0119p na koncert jest bezp\u0142atny, na podstawie wej\u015bci\u00f3wek, kt\u00f3re b\u0119d\u0105 do odbioru w kasie amfiteatru, w dniu koncertu, od godziny 17.00. Ilo\u015b\u0107 miejsc ograniczona.<\/p>\n<p>&nbsp;<\/p>\n<p>W pi\u0105tek <strong>7 czerwca<\/strong> zapraszamy do SCK \u2013 Parku Tradycji (ul. Orzeszkowej 12) na <strong>Rozruch Maszyn.<\/strong> O <strong>godzinie 18.00<\/strong> w budynku Parku Tradycji odb\u0119dzie si\u0119 <strong>wernisa\u017c \u015al\u0105skiego Towarzystwa Fotograficznego zatytu\u0142owany \u201eBal-IN\u201d. <\/strong>Grupa fotograf\u00f3w wykona specjalnie na Industriad\u0119 cykl fotografii, na kt\u00f3rych zestawiony zostanie industrial z elementami konwencjonalnie kojarzonymi z balami, przyj\u0119ciami, a tak\u017ce z sam\u0105 Industriad\u0105.<\/p>\n<p>O godz<strong>. 19.00<\/strong> zaprosimy na spektakl teatralny <strong>\u201eTaniec maszyn. Kalejdoskop\u201d,<\/strong> stworzony specjalnie na Rozruch Maszyn przez Teatr MOMO, Marka Sta\u0144czyka oraz muzyk\u00f3w, \u0142\u0105czy\u0142 teatr ruchu, teatr symbolu, projekcj\u0119 filmow\u0105 oraz muzyk\u0119 elektroniczn\u0105.<\/p>\n<p>Gwiazd\u0105 tegorocznego <strong>Rozruchu Maszyn<\/strong> b\u0119dzie olszty\u0144ski zesp\u00f3\u0142 <strong>Enej,<\/strong> znany z takich hit\u00f3w jak \u201eRadio Hallo\u201d, \u201eKamie\u0144 z napisem love\u201d czy \u201eTak smakuje \u017cycie\u201d. Koncert rozpocznie si\u0119 o godzinie <strong>20.00<\/strong>, na scenie przy SCK \u2013 Parku Tradycji.<\/p>\n<p>ENEJ to polski zesp\u00f3\u0142 muzyczny, reprezentuj\u0105cy szeroko rozumian\u0105 muzyk\u0119 folkow\u0105 z dodatkiem wielu innych gatunk\u00f3w, za\u0142o\u017cony w roku 2002 w Olsztynie. Od tego czasu zesp\u00f3\u0142 go\u015bci na scenach najwi\u0119kszych polskich festiwali jak Przystanek Woodstock, Open\u2019er Festival, Jarocin Festiwal czy Polsat Super Hit Festiwal, z kt\u00f3rych przywi\u00f3z\u0142 niezliczon\u0105 liczb\u0119 nagr\u00f3d. Na swoim koncie ENEJ ma cztery p\u0142yty studyjne oraz zapis DVD koncertu z Przystanku Woodstock 2011. Na popularno\u015b\u0107 kr\u0105\u017ck\u00f3w z pewno\u015bci\u0105 wp\u0142yw maj\u0105 bij\u0105ce wszelkie rekordy single jak: \u201cRadio Hallo\u201d, \u201cSkrzydlate R\u0119ce\u2019, \u201cTak smakuje \u017bycie\u201d, \u201cSymetryczno Liryczna\u201d, \u201cZbudujemy Dom, \u201cKamie\u0144 z napisem LOVE\u201d i najnowszy &#8211; \u201cZagubiony\u201d.<\/p>\n<p>Po koncercie, ok. godziny <strong>21.45<\/strong> widowiskowy<strong> spektakl plenerowy \u201eINDU-Bal. Prolog\u201d\u00a0 zaprezentuje Teatr Ognia Nam- Tara.<\/strong><\/p>\n<p><strong>O<\/strong> <strong>godzinie 22.00<\/strong> zaprosimy ponownie do budynku Parku Tradycji na <strong>prawdziwy bal!<\/strong><br \/>\n<strong>\u201eIndurella Story -bal\u201d<\/strong> to fabularyzowana zabawa taneczna i towarzyska na 3 kondygnacjach Parku Tradycji, z muzyk\u0105, wodzirejem, pocz\u0119stunkiem i napojami oraz intryguj\u0105cym t\u0142em fabularnym, przygotowana przez SCK Event Group i Kolektyw Teatralny \u201eLufcik na Korbk\u0119\u201d. Ilo\u015b\u0107 miejsc na wydarzenie jest ograniczona. Bezp\u0142atne zaproszenia b\u0119d\u0105 do odbioru w Parku Tradycji od 20 maja.<\/p>\n<p>&nbsp;<\/p>\n<p><strong>W sobot\u0119 8 czerwca<\/strong> w ca\u0142ym wojew\u00f3dztwie \u015bwi\u0119towa\u0107 b\u0119dziemy <strong>jubileuszow\u0105, X edycj\u0119<\/strong> <strong>Industriady czyli \u015awi\u0119ta Szlaku Zabytk\u00f3w Techniki<\/strong>. W Siemianowicach imprezy odbywa\u0107 si\u0119 b\u0119d\u0105 w SCK Parku Tradycji oraz na terenach przy obiekcie. W ramach Industriady kt\u00f3ra rozpocznie si\u0119 o godzinie 12.00 Siemianowickie Centrum Kultury zaplanowa\u0142o wiele atrakcji dla dzieci i doros\u0142ych, <strong>o kt\u00f3rych opowiemy 23 maja, po oficjalnej konferencji prasowej Industriady. \u00a0<\/strong><\/p>\n<p>O godzinie <strong>19.00<\/strong> na scenie g\u0142\u00f3wnej wyst\u0105pi charyzmatyczna i pe\u0142na scenicznej energii <strong>Alicja Boncol<\/strong> z zespo\u0142em<strong>. <\/strong>Alicja Boncol to najlepszy \u017ce\u0144ski g\u0142osu w polskiej muzyce country. Wielokrotna laureatka Plebiscytu fan\u00f3w country &#8222;Dyli\u017canse&#8221; w kategorii Wokalistka Roku i Artysta Roku. Nale\u017cy do \u015bcis\u0142ej czo\u0142\u00f3wki najbardziej uznanych wykonawc\u00f3w gatunku. Ceniona za silny g\u0142os o du\u017cej rozpi\u0119to\u015bci i czystej intonacji sprawdzaj\u0105cy si\u0119 w szerokim spektrum repertuarowym, od countrowej klasyki poprzez zmys\u0142owe ballady a\u017c po drapie\u017cnego, rockowego \u201epazura\u201d. Ka\u017cdy utw\u00f3r, kt\u00f3ry \u015bpiewa, czy to oryginaln\u0105 kompozycj\u0119, czy standard, zabarwia w\u0142asn\u0105 charyzm\u0105 i energi\u0105 porywaj\u0105c przy tym publiczno\u015b\u0107 w ka\u017cdym wieku. W 2018 roku artystka \u015bwi\u0119towa\u0142a 25-lecie pracy artystycznej. Ukaza\u0142a si\u0119 tak\u017ce jej najnowsza p\u0142yta, zatytu\u0142owana \u201eBig Power Kick\u201d.<\/p>\n<p><strong>Gwiazd\u0105 wieczoru<\/strong> b\u0119dzie (po raz pierwszy w Siemianowicach!) niekwestionowana kr\u00f3lowa polskiej sceny muzycznej \u2013 <strong>Maryla Rodowicz<\/strong>. Na koncert pod has\u0142em <strong>\u201eNiech \u017cyje (Indu)bal!\u201d<\/strong> zaprosimy ok. <strong>godziny 20.15.<\/strong> Uczestnik\u00f3w wydarzenia czeka nie tylko dobra zabawa, ale przede wszystkim niezapomniane emocje! Wyst\u0119py artystki od lat zachwycaj\u0105 publiczno\u015b\u0107 niepowtarzaln\u0105 atmosfer\u0105, zjawiskow\u0105 scenografi\u0105 i bliskim kontaktem z fanami. Przeboje gwiazdy \u0142\u0105cz\u0105 pokolenia Polak\u00f3w i niezmiennie zdobywaj\u0105 ich serca swoj\u0105 ponadczasowo\u015bci\u0105. Maryla Rodowicz to artystka prawdziwa: tw\u00f3rcza, spe\u0142niona, ci\u0105gle zaskakuj\u0105ca, kt\u00f3ra swoj\u0105 tw\u00f3rczo\u015bci\u0105.<\/p>\n<p>R\u00f3wnie\u017c w sobot\u0119 <strong>8 czerwca <\/strong>wsp\u00f3lnie z Wydzia\u0142em Kultury i Sportu Urz\u0119du Miasta zapraszamy na <strong>Rynek Miejski<\/strong> w Siemianowicach, gdzie r\u00f3wnie\u017c zaplanowano mn\u00f3stwo atrakcji. O godzinie <strong>13.00<\/strong> rozpocznie si\u0119 <strong>XV \u015awiatowy Konkurs Gotowania \u017buru \u015al\u0105skiego<\/strong>, wi\u0119c smakoszy tej tradycyjnej \u015bl\u0105skiej zupy nie mo\u017ce tego dnia na Rynku zabrakn\u0105\u0107. O godzinie <strong>16.30 <\/strong>rozpocznie si\u0119 plenerowy koncert, podczas kt\u00f3rego wyst\u0105pi\u0105: <strong>Orkiestra D\u0119ta z T\u0105pkowic<\/strong> z udzia\u0142em <strong>ma\u017coretek AZARIA,<\/strong><br \/>\n<strong>Tadeusz Zdechlikiewicz<\/strong>, <strong>grupa taneczna Other Side Jumpstyle<\/strong> <strong>Team<\/strong>, <strong>zesp\u00f3\u0142<\/strong> <strong>Vinyl Band<\/strong>\u00a0 z koncertem &#8222;Za czym kolejka ta stoi?&#8221; (polskie przeboje z lat 60,70, 80- tych) oraz na fina\u0142, specjalnie dla wielbicieli \u015bl\u0105skich klimat\u00f3w biesiadnych &#8211; <strong>Weso\u0142y Masorz<\/strong>. Wst\u0119p na wydarzenie jest bezp\u0142atny.<\/p>\n<p>&nbsp;<\/p>\n<p>W\u00a0 niedziel\u0119 <strong>9 czerwca<\/strong> zapraszamy do amfiteatru w siemianowickim Parku Miejskim, gdzie od <strong>godziny 16.30<\/strong> prezentowa\u0107 si\u0119 b\u0119dzie <strong>orkiestra Siemion Band<\/strong> z wokalistami, szlifuj\u0105cymi sw\u00f3j talent w studium wokalnym, dzia\u0142aj\u0105cym przy SCK. Nast\u0119pnie o godzinie <strong>17.00<\/strong> na scenie amfiteatru wraz z Siemion Bandem wyst\u0105pi <strong>grupa VOX<\/strong> w sk\u0142adzie: Witold Paszt, Jerzy S\u0142ota, Dariusz Tokarzewski. Podczas koncertu us\u0142yszymy takie przeboje jak <strong>\u201eBananowy song\u201d, \u201eRycz ma\u0142a, rycz\u201d czy \u201eO, Magdaleno\u201d.<\/strong> Wst\u0119p na koncert jest bezp\u0142atny.<\/p>\n<p>Niedzielne wydarzenia przy Siemianowickim Centrum Kultury \u2013 Parku Tradycji rozpoczn\u0105 si\u0119 o <strong>godzinie 12.00 akcj\u0105 MOTOSERCE<\/strong>, organizowan\u0105 tradycyjnie przez<strong> klub motocyklowy FAITHLESS MC POLAND<\/strong> przy wsp\u00f3\u0142udziale SCK.<strong> Jest to charytatywna zbi\u00f3rka krwi<\/strong> po\u0142\u0105czona m. in. z koncertami zespo\u0142\u00f3w rockowych, widowiskowymi pokazami i konkursem z nagrodami. Do godziny 19.00 w ramach Motoserca wyst\u0105pi\u0105 zespo\u0142y <strong>Cherrybombs i Dekolt<\/strong>. Gwiazd\u0105 Motoserca b\u0119dzie jeden z najwa\u017cniejszych zespo\u0142\u00f3w polskiej sceny rockowej \u2013 <strong>PROLETARYAT. <\/strong>Podczas imprezy<strong>\u00a0 <\/strong>odb\u0119dzie si\u0119 tradycyjna parada motocyklowa, pokazy ratownictwa medycznego, pokaz stuntu i inne ciekawe wydarzenia. Najwa\u017cniejszym punktem wydarzenia jest jednak <strong>zbi\u00f3rka krwi.<\/strong> Potencjalni dawcy mog\u0105 si\u0119 rejestrowa\u0107 do godziny 16:00. Pob\u00f3r krwi odb\u0119dzie si\u0119 w dw\u00f3ch ambulansach w godzinach 12:00- 17:00.<\/p>\n<p>Ok. godziny <strong>19.10 <\/strong>wyst\u0105pi m\u0142ody zesp\u00f3\u0142 <strong>Ikarus Feel,<\/strong> kt\u00f3ry rozgrzeje publiczno\u015b\u0107 przed koncertem gwiazdy wieczoru \u2013 <strong>zespo\u0142u FEEL.<\/strong> \u015al\u0105skich muzyk\u00f3w nie trzeba chyba specjalnie nikomu przedstawia\u0107. Graja razem ju\u017c 10 lat. Zesp\u00f3\u0142 za\u0142o\u017cony zosta\u0142 w maju 2005 roku przez Piotra Kupicha. Pocz\u0105tkowo, pod nazw\u0105 Q2, tworzy\u0142 duet wraz z basist\u0105 Micha\u0142em Nowakiem. Sk\u0142ad zespo\u0142u uzupe\u0142nili \u0141ukasz Ko\u017cuch oraz Micha\u0142 Opali\u0144ski zmieniaj\u0105c szyld kolejno na Q3, Q4 oraz Kupicha Band. Ostatecznie zesp\u00f3\u0142 stal si\u0119 FEEL&#8217;em. Wiele nagr\u00f3d (Telekamery, Super Jedynki, Bursztynowy S\u0142owik, S\u0142owik Publiczno\u015bci) i hit\u00f3w zespo\u0142u w tym najnowszy z 2016\/17 pt. &#8222;Swoje Szcz\u0119\u015bcie znam&#8221; potwierdzi\u0142y ze zesp\u00f3\u0142 jest w formie, a na nasyconym polskim rynku muzycznym Feel jest jednym z najwa\u017cniejszych zespo\u0142\u00f3w pop-rockowych. Podczas koncertu z pewno\u015bci\u0105 nie zabraknie ich najwi\u0119kszych przeboj\u00f3w: <strong>\u201eJest ju\u017c ciemno\u201d, \u201ePoka\u017c na co ci\u0119 sta\u0107\u201d <\/strong>czy<strong> \u201eJak anio\u0142a g\u0142os\u201d. <\/strong><\/p>\n<p>Koncert zespo\u0142u Feel zako\u0144czy <strong>XXXVII Dni Siemianowic \u015al\u0105skich. <\/strong><\/p>\n<p>&nbsp;<\/p>\n<p>&nbsp;<\/p>\n<p>&nbsp;<\/p>\n","protected":false},"excerpt":{"rendered":"<p>Tegoroczne XXXVII Dni Siemianowic \u015al\u0105skich zapowiadaj\u0105 si\u0119 na wyj\u0105tkowo. W dniach 6-9 czerwca 2019 roku zapraszamy na galowy koncert Zespo\u0142u Pie\u015bni i Ta\u0144ca \u201e\u015al\u0105sk\u201d, Rozruch Maszyn, X edycj\u0119 Industriady oraz r\u00f3\u017cnorodne koncerty, pokazy i inne wydarzenia. \u015awi\u0119towanie dni miasta rozpoczniemy w czwartek 6 czerwca o godzinie 19.00 od koncertu galowego Zespo\u0142u Pie\u015bni i Ta\u0144ca \u201e\u015al\u0105sk\u201d, [&hellip;]<\/p>\n","protected":false},"author":8,"featured_media":11449,"comment_status":"closed","ping_status":"open","sticky":false,"template":"","format":"standard","meta":[],"categories":[1],"tags":[],"_links":{"self":[{"href":"https:\/\/www.siemck.pl\/wp-json\/wp\/v2\/posts\/11448"}],"collection":[{"href":"https:\/\/www.siemck.pl\/wp-json\/wp\/v2\/posts"}],"about":[{"href":"https:\/\/www.siemck.pl\/wp-json\/wp\/v2\/types\/post"}],"author":[{"embeddable":true,"href":"https:\/\/www.siemck.pl\/wp-json\/wp\/v2\/users\/8"}],"replies":[{"embeddable":true,"href":"https:\/\/www.siemck.pl\/wp-json\/wp\/v2\/comments?post=11448"}],"version-history":[{"count":4,"href":"https:\/\/www.siemck.pl\/wp-json\/wp\/v2\/posts\/11448\/revisions"}],"predecessor-version":[{"id":11467,"href":"https:\/\/www.siemck.pl\/wp-json\/wp\/v2\/posts\/11448\/revisions\/11467"}],"wp:featuredmedia":[{"embeddable":true,"href":"https:\/\/www.siemck.pl\/wp-json\/wp\/v2\/media\/11449"}],"wp:attachment":[{"href":"https:\/\/www.siemck.pl\/wp-json\/wp\/v2\/media?parent=11448"}],"wp:term":[{"taxonomy":"category","embeddable":true,"href":"https:\/\/www.siemck.pl\/wp-json\/wp\/v2\/categories?post=11448"},{"taxonomy":"post_tag","embeddable":true,"href":"https:\/\/www.siemck.pl\/wp-json\/wp\/v2\/tags?post=11448"}],"curies":[{"name":"wp","href":"https:\/\/api.w.org\/{rel}","templated":true}]}}