{"id":11439,"date":"2019-05-06T15:54:55","date_gmt":"2019-05-06T13:54:55","guid":{"rendered":"https:\/\/siemck.pl\/?p=11439"},"modified":"2019-05-06T15:54:55","modified_gmt":"2019-05-06T13:54:55","slug":"trzy-kolory-vi-edycja-konkursu-plastycznego","status":"publish","type":"post","link":"https:\/\/www.siemck.pl\/trzy-kolory-vi-edycja-konkursu-plastycznego\/","title":{"rendered":"&#8222;Trzy kolory&#8221; &#8211; VI edycja konkursu plastycznego"},"content":{"rendered":"<p>Pracownia Plastyczna &#8222;Okienko&#8221; dzia\u0142aj\u0105ca przy Siemianowickim Centrum Kultury zaprasza do udzia\u0142u w <strong>VI edycji Wojew\u00f3dzkiego Konkursu Plastycznego &#8222;Trzy kolory&#8221;<\/strong>. Temat tegorocznej edycji to: <strong>&#8222;Ogr\u00f3d, \u0142\u0105ka, las&#8221;.<\/strong><\/p>\n<p><strong>Na prace konkursowe czekamy do ko\u0144ca czerwca 2019r. Fina\u0142 przewidziany jest na wrzesie\u0144.\u00a0<\/strong><\/p>\n<p>Do pobrania:\u00a0<a href=\"https:\/\/siemck.pl\/wp-content\/uploads\/Trzy-Kolory-regulamin-konkursu.pdf\">Trzy Kolory- regulamin konkursu<\/a><\/p>\n","protected":false},"excerpt":{"rendered":"<p>Pracownia Plastyczna &#8222;Okienko&#8221; dzia\u0142aj\u0105ca przy Siemianowickim Centrum Kultury zaprasza do udzia\u0142u w VI edycji Wojew\u00f3dzkiego Konkursu Plastycznego &#8222;Trzy kolory&#8221;. Temat tegorocznej edycji to: &#8222;Ogr\u00f3d, \u0142\u0105ka, las&#8221;. Na prace konkursowe czekamy do ko\u0144ca czerwca 2019r. Fina\u0142 przewidziany jest na wrzesie\u0144.\u00a0 Do pobrania:\u00a0Trzy Kolory- regulamin konkursu<\/p>\n","protected":false},"author":6,"featured_media":11440,"comment_status":"closed","ping_status":"open","sticky":false,"template":"","format":"standard","meta":[],"categories":[1],"tags":[],"_links":{"self":[{"href":"https:\/\/www.siemck.pl\/wp-json\/wp\/v2\/posts\/11439"}],"collection":[{"href":"https:\/\/www.siemck.pl\/wp-json\/wp\/v2\/posts"}],"about":[{"href":"https:\/\/www.siemck.pl\/wp-json\/wp\/v2\/types\/post"}],"author":[{"embeddable":true,"href":"https:\/\/www.siemck.pl\/wp-json\/wp\/v2\/users\/6"}],"replies":[{"embeddable":true,"href":"https:\/\/www.siemck.pl\/wp-json\/wp\/v2\/comments?post=11439"}],"version-history":[{"count":1,"href":"https:\/\/www.siemck.pl\/wp-json\/wp\/v2\/posts\/11439\/revisions"}],"predecessor-version":[{"id":11441,"href":"https:\/\/www.siemck.pl\/wp-json\/wp\/v2\/posts\/11439\/revisions\/11441"}],"wp:featuredmedia":[{"embeddable":true,"href":"https:\/\/www.siemck.pl\/wp-json\/wp\/v2\/media\/11440"}],"wp:attachment":[{"href":"https:\/\/www.siemck.pl\/wp-json\/wp\/v2\/media?parent=11439"}],"wp:term":[{"taxonomy":"category","embeddable":true,"href":"https:\/\/www.siemck.pl\/wp-json\/wp\/v2\/categories?post=11439"},{"taxonomy":"post_tag","embeddable":true,"href":"https:\/\/www.siemck.pl\/wp-json\/wp\/v2\/tags?post=11439"}],"curies":[{"name":"wp","href":"https:\/\/api.w.org\/{rel}","templated":true}]}}