{"id":11393,"date":"2019-04-19T08:47:22","date_gmt":"2019-04-19T06:47:22","guid":{"rendered":"https:\/\/siemck.pl\/?p=11393"},"modified":"2019-04-19T09:01:31","modified_gmt":"2019-04-19T07:01:31","slug":"wesolych-swiat-wielkanocnych","status":"publish","type":"post","link":"https:\/\/www.siemck.pl\/wesolych-swiat-wielkanocnych\/","title":{"rendered":"Weso\u0142ych \u015awi\u0105t Wielkanocnych"},"content":{"rendered":"<p>Z okazji \u015awi\u0105t Wielkanocnych<br \/>\n\u017cyczymy Pa\u0144stwu, aby ten wyj\u0105tkowy czas<br \/>\nsta\u0142 si\u0119 momentem wytchnienia i spokoju,<br \/>\nmomentem dzielonym z najbli\u017cszymi.<\/p>\n<p>\u017byczymy wszelkiej pomy\u015blno\u015bci,<br \/>\nsukces\u00f3w w \u017cyciu zawodowym i wiele szcz\u0119\u015bcia na co dzie\u0144,<br \/>\na tak\u017ce niezapomnianych dozna\u0144 artystycznych,<br \/>\nkt\u00f3rych postaramy si\u0119 Pa\u0144stwu dostarcza\u0107<br \/>\npodczas organizowanych przez nas wydarze\u0144.<\/p>\n<p style=\"text-align: right;\">Dyrekcja i zesp\u00f3\u0142 pracownik\u00f3w<br \/>\nSiemianowickiego Centrum Kultury<\/p>\n","protected":false},"excerpt":{"rendered":"<p>Z okazji \u015awi\u0105t Wielkanocnych \u017cyczymy Pa\u0144stwu, aby ten wyj\u0105tkowy czas sta\u0142 si\u0119 momentem wytchnienia i spokoju, momentem dzielonym z najbli\u017cszymi. \u017byczymy wszelkiej pomy\u015blno\u015bci, sukces\u00f3w w \u017cyciu zawodowym i wiele szcz\u0119\u015bcia na co dzie\u0144, a tak\u017ce niezapomnianych dozna\u0144 artystycznych, kt\u00f3rych postaramy si\u0119 Pa\u0144stwu dostarcza\u0107 podczas organizowanych przez nas wydarze\u0144. Dyrekcja i zesp\u00f3\u0142 pracownik\u00f3w Siemianowickiego Centrum Kultury<\/p>\n","protected":false},"author":8,"featured_media":11394,"comment_status":"closed","ping_status":"open","sticky":false,"template":"","format":"standard","meta":[],"categories":[1],"tags":[],"_links":{"self":[{"href":"https:\/\/www.siemck.pl\/wp-json\/wp\/v2\/posts\/11393"}],"collection":[{"href":"https:\/\/www.siemck.pl\/wp-json\/wp\/v2\/posts"}],"about":[{"href":"https:\/\/www.siemck.pl\/wp-json\/wp\/v2\/types\/post"}],"author":[{"embeddable":true,"href":"https:\/\/www.siemck.pl\/wp-json\/wp\/v2\/users\/8"}],"replies":[{"embeddable":true,"href":"https:\/\/www.siemck.pl\/wp-json\/wp\/v2\/comments?post=11393"}],"version-history":[{"count":3,"href":"https:\/\/www.siemck.pl\/wp-json\/wp\/v2\/posts\/11393\/revisions"}],"predecessor-version":[{"id":11397,"href":"https:\/\/www.siemck.pl\/wp-json\/wp\/v2\/posts\/11393\/revisions\/11397"}],"wp:featuredmedia":[{"embeddable":true,"href":"https:\/\/www.siemck.pl\/wp-json\/wp\/v2\/media\/11394"}],"wp:attachment":[{"href":"https:\/\/www.siemck.pl\/wp-json\/wp\/v2\/media?parent=11393"}],"wp:term":[{"taxonomy":"category","embeddable":true,"href":"https:\/\/www.siemck.pl\/wp-json\/wp\/v2\/categories?post=11393"},{"taxonomy":"post_tag","embeddable":true,"href":"https:\/\/www.siemck.pl\/wp-json\/wp\/v2\/tags?post=11393"}],"curies":[{"name":"wp","href":"https:\/\/api.w.org\/{rel}","templated":true}]}}