{"id":11332,"date":"2019-04-05T09:52:49","date_gmt":"2019-04-05T07:52:49","guid":{"rendered":"https:\/\/siemck.pl\/?p=11332"},"modified":"2019-04-05T09:52:49","modified_gmt":"2019-04-05T07:52:49","slug":"teatrzyk-sasiedzki-powolany-w-ramach-projektu-zwolnieni-z-teorii","status":"publish","type":"post","link":"https:\/\/www.siemck.pl\/teatrzyk-sasiedzki-powolany-w-ramach-projektu-zwolnieni-z-teorii\/","title":{"rendered":"Teatrzyk s\u0105siedzki powo\u0142any w ramach projektu &#8222;Zwolnieni z teorii&#8221;"},"content":{"rendered":"<p>Mamy przyjemno\u015b\u0107 przedstawi\u0107 Wam grup\u0119 m\u0142odych ludzi, kt\u00f3rzy w ramach projektu &#8222;Zwolnieni z teorii&#8221; utworzyli Teatrzyk s\u0105siedzki.<\/p>\n<p>Jak sami o sobie m\u00f3wi\u0105: &#8222;ide\u0105 naszego projektu jest szerzenie kultury teatralnej w\u015br\u00f3d najm\u0142odszych. Beneficjentami naszej akcji s\u0105 dzieci w wieku przedszkolnym. W tym wieku m\u0142odzie\u017c zaczyna powoli wkracza\u0107 w \u015bwiat wirtualny, korzysta\u0107 z d\u00f3br Internetu i sp\u0119dza\u0107 coraz wi\u0119cej czasu przed telefonem czy komputerem. Dla dzieci wa\u017cny staje si\u0119 \u015bwiat wirtualny, nie korzystaj\u0105 z mo\u017cliwo\u015bci jakie daje im teatr czy kino. Nie maj\u0105 czasu na wsp\u00f3lne pogaw\u0119dki z przyjaci\u00f3\u0142mi i rodzin\u0105. Chcemy to zmieni\u0107. Regularnie przygotowujemy scenariusze teatralno &#8211; kabaretowe i przemierzamy \u015al\u0105sk i Zag\u0142\u0119bie odwiedzaj\u0105c przedszkola, szko\u0142y oraz o\u015brodki kultury, aby nasz projekt dotar\u0142 do jak najwi\u0119kszej ilo\u015bci odbiorc\u00f3w&#8221;.<\/p>\n<p>Jeste\u015bmy z nich bardzo dumni i trzymamy kciuki za kolejne sukcesy!<\/p>\n<p>Teatrzyk s\u0105siedzki na facebooku:<br \/>\n<a href=\"https:\/\/www.facebook.com\/teatrzyksasiedzki\/?epa=SEARCH_BOX\">https:\/\/www.facebook.com\/teatrzyksasiedzki\/?epa=SEARCH_BOX<\/a><\/p>\n<p>&#8222;Zwolnieni z teorii&#8221; &#8211; informacje o projekcie:<br \/>\n<a href=\"https:\/\/zwolnienizteorii.pl\/\">https:\/\/zwolnienizteorii.pl\/<\/a><\/p>\n","protected":false},"excerpt":{"rendered":"<p>Mamy przyjemno\u015b\u0107 przedstawi\u0107 Wam grup\u0119 m\u0142odych ludzi, kt\u00f3rzy w ramach projektu &#8222;Zwolnieni z teorii&#8221; utworzyli Teatrzyk s\u0105siedzki. Jak sami o sobie m\u00f3wi\u0105: &#8222;ide\u0105 naszego projektu jest szerzenie kultury teatralnej w\u015br\u00f3d najm\u0142odszych. Beneficjentami naszej akcji s\u0105 dzieci w wieku przedszkolnym. W tym wieku m\u0142odzie\u017c zaczyna powoli wkracza\u0107 w \u015bwiat wirtualny, korzysta\u0107 z d\u00f3br Internetu i sp\u0119dza\u0107 [&hellip;]<\/p>\n","protected":false},"author":8,"featured_media":11333,"comment_status":"closed","ping_status":"open","sticky":false,"template":"","format":"standard","meta":[],"categories":[1],"tags":[],"_links":{"self":[{"href":"https:\/\/www.siemck.pl\/wp-json\/wp\/v2\/posts\/11332"}],"collection":[{"href":"https:\/\/www.siemck.pl\/wp-json\/wp\/v2\/posts"}],"about":[{"href":"https:\/\/www.siemck.pl\/wp-json\/wp\/v2\/types\/post"}],"author":[{"embeddable":true,"href":"https:\/\/www.siemck.pl\/wp-json\/wp\/v2\/users\/8"}],"replies":[{"embeddable":true,"href":"https:\/\/www.siemck.pl\/wp-json\/wp\/v2\/comments?post=11332"}],"version-history":[{"count":2,"href":"https:\/\/www.siemck.pl\/wp-json\/wp\/v2\/posts\/11332\/revisions"}],"predecessor-version":[{"id":11335,"href":"https:\/\/www.siemck.pl\/wp-json\/wp\/v2\/posts\/11332\/revisions\/11335"}],"wp:featuredmedia":[{"embeddable":true,"href":"https:\/\/www.siemck.pl\/wp-json\/wp\/v2\/media\/11333"}],"wp:attachment":[{"href":"https:\/\/www.siemck.pl\/wp-json\/wp\/v2\/media?parent=11332"}],"wp:term":[{"taxonomy":"category","embeddable":true,"href":"https:\/\/www.siemck.pl\/wp-json\/wp\/v2\/categories?post=11332"},{"taxonomy":"post_tag","embeddable":true,"href":"https:\/\/www.siemck.pl\/wp-json\/wp\/v2\/tags?post=11332"}],"curies":[{"name":"wp","href":"https:\/\/api.w.org\/{rel}","templated":true}]}}