{"id":11306,"date":"2019-04-01T14:55:10","date_gmt":"2019-04-01T12:55:10","guid":{"rendered":"https:\/\/siemck.pl\/?p=11306"},"modified":"2019-04-01T14:55:10","modified_gmt":"2019-04-01T12:55:10","slug":"atrium-siemianowice-zaprasza-na-warsztaty-wielkanocne-dla-dzieci","status":"publish","type":"post","link":"https:\/\/www.siemck.pl\/atrium-siemianowice-zaprasza-na-warsztaty-wielkanocne-dla-dzieci\/","title":{"rendered":"Atrium Siemianowice zaprasza na warsztaty wielkanocne dla dzieci"},"content":{"rendered":"<p style=\"font-weight: 400;\"><strong>19 kwietnia najm\u0142odsi klienci Atrium Siemianowice b\u0119d\u0105 mieli okazj\u0119 pozna\u0107 zwyczaje wielkanocne, uczestnicz\u0105c w specjalnie dla nich przygotowanych warsztatach artystycznych. Na maluchy czeka te\u017c malowanie twarzy oraz drobne upominki.<\/strong><\/p>\n<p style=\"font-weight: 400;\">Pod okiem i opiek\u0105 animatorek, dzieci w\u0142asnor\u0119cznie wykonaj\u0105 kartki oraz \u015bwi\u0105teczne symbole, kt\u00f3re wk\u0142adamy do wielkanocnego koszyczka, pomaluj\u0105 i ozdobi\u0105 styropianowe pisanki, zaj\u0105czki i baranki. B\u0119dzie to nie tylko okazja do spotkania z tradycj\u0105 poprzez zabaw\u0119, ale r\u00f3wnie\u017c kolejna mo\u017cliwo\u015b\u0107 rozwijania artystycznych umiej\u0119tno\u015bci najm\u0142odszych oraz aktywnego i tw\u00f3rczego sp\u0119dzenia wolnego czasu z rodzin\u0105 poza domem.<\/p>\n<p style=\"font-weight: 400;\">To nie koniec niespodzianek przygotowanych dla ma\u0142ych go\u015bci centrum handlowego. Na maluchy czeka jedna z ich ulubionych atrakcji \u2013 malowanie twarzy. Ju\u017c kilka ruch\u00f3w r\u0119ki, profesjonalne kolorowe farbki oraz wyobra\u017ania animatora pozwol\u0105 wyczarowa\u0107 na buziach dzieci prawdziwe cuda! Najm\u0142odsi otrzymaj\u0105 tak\u017ce kolorowe balony.<\/p>\n<p style=\"font-weight: 400;\">Warsztaty wielkanocne w Atrium Siemianowice odb\u0119d\u0105 si\u0119\u00a0<strong>19 kwietnia 2019\u00a0<\/strong>w godzinach\u00a0<strong>11:00-18:00.\u00a0<\/strong>Wi\u0119cej informacji na temat wydarzenia oraz oferty centrum mo\u017cna znale\u017a\u0107 na stronie internetowej:\u00a0<a href=\"http:\/\/www.atrium-ch.pl\/siemianowice\/\">http:\/\/www.atrium-ch.pl\/siemianowice\/<\/a>.<\/p>\n","protected":false},"excerpt":{"rendered":"<p>19 kwietnia najm\u0142odsi klienci Atrium Siemianowice b\u0119d\u0105 mieli okazj\u0119 pozna\u0107 zwyczaje wielkanocne, uczestnicz\u0105c w specjalnie dla nich przygotowanych warsztatach artystycznych. Na maluchy czeka te\u017c malowanie twarzy oraz drobne upominki. Pod okiem i opiek\u0105 animatorek, dzieci w\u0142asnor\u0119cznie wykonaj\u0105 kartki oraz \u015bwi\u0105teczne symbole, kt\u00f3re wk\u0142adamy do wielkanocnego koszyczka, pomaluj\u0105 i ozdobi\u0105 styropianowe pisanki, zaj\u0105czki i baranki. B\u0119dzie [&hellip;]<\/p>\n","protected":false},"author":8,"featured_media":11308,"comment_status":"closed","ping_status":"open","sticky":false,"template":"","format":"standard","meta":[],"categories":[1],"tags":[],"_links":{"self":[{"href":"https:\/\/www.siemck.pl\/wp-json\/wp\/v2\/posts\/11306"}],"collection":[{"href":"https:\/\/www.siemck.pl\/wp-json\/wp\/v2\/posts"}],"about":[{"href":"https:\/\/www.siemck.pl\/wp-json\/wp\/v2\/types\/post"}],"author":[{"embeddable":true,"href":"https:\/\/www.siemck.pl\/wp-json\/wp\/v2\/users\/8"}],"replies":[{"embeddable":true,"href":"https:\/\/www.siemck.pl\/wp-json\/wp\/v2\/comments?post=11306"}],"version-history":[{"count":2,"href":"https:\/\/www.siemck.pl\/wp-json\/wp\/v2\/posts\/11306\/revisions"}],"predecessor-version":[{"id":11310,"href":"https:\/\/www.siemck.pl\/wp-json\/wp\/v2\/posts\/11306\/revisions\/11310"}],"wp:featuredmedia":[{"embeddable":true,"href":"https:\/\/www.siemck.pl\/wp-json\/wp\/v2\/media\/11308"}],"wp:attachment":[{"href":"https:\/\/www.siemck.pl\/wp-json\/wp\/v2\/media?parent=11306"}],"wp:term":[{"taxonomy":"category","embeddable":true,"href":"https:\/\/www.siemck.pl\/wp-json\/wp\/v2\/categories?post=11306"},{"taxonomy":"post_tag","embeddable":true,"href":"https:\/\/www.siemck.pl\/wp-json\/wp\/v2\/tags?post=11306"}],"curies":[{"name":"wp","href":"https:\/\/api.w.org\/{rel}","templated":true}]}}