{"id":11268,"date":"2019-03-22T11:23:13","date_gmt":"2019-03-22T10:23:13","guid":{"rendered":"https:\/\/siemck.pl\/?p=11268"},"modified":"2019-03-22T12:39:37","modified_gmt":"2019-03-22T11:39:37","slug":"wyniki-v-wojewodzkiego-festiwalu-teatralnych-zespolow-dzieciecych-i-mlodziezowych-proscenium","status":"publish","type":"post","link":"https:\/\/www.siemck.pl\/wyniki-v-wojewodzkiego-festiwalu-teatralnych-zespolow-dzieciecych-i-mlodziezowych-proscenium\/","title":{"rendered":"Wyniki V  Wojew\u00f3dzkiego Festiwalu Teatralnych Zespo\u0142\u00f3w Dzieci\u0119cych i M\u0142odzie\u017cowych  \u201ePROSCENIUM\u201d"},"content":{"rendered":"<p><strong>PROTOK\u00d3\u0141 Z POSIEDZENIA JURY <\/strong><\/p>\n<p><strong>V \u00a0Wojew\u00f3dzkiego Festiwalu Teatralnych Zespo\u0142\u00f3w Dzieci\u0119cych i M\u0142odzie\u017cowych\u00a0 \u201ePROSCENIUM\u201d<\/strong><\/p>\n<p>&nbsp;<\/p>\n<p><strong>Jury w sk\u0142adzie:<\/strong><\/p>\n<p>Beata Chren \u2013 aktorka<\/p>\n<p>Antoni Gryzik \u00a0&#8211; aktor<\/p>\n<p>Marek Ko\u0142buk \u2013 Specjalista ds. Imprez\u00a0 i Promocji Siemianowickiego Centrum Kultury<\/p>\n<p>&nbsp;<\/p>\n<p>Po obejrzeniu \u00a021 marca 2019 r. \u00a0roku, \u00a0w \u00a0Siemianowickim Centrum Kultury\u00a0 przy ul. Niepodleg\u0142o\u015bci 45 w Siemianowicach \u015al\u0105skich,\u00a0 siedmiu \u00a0\u00a0spektakli konkursowych, postanowi\u0142o przyzna\u0107 nast\u0119puj\u0105ce nagrody:<\/p>\n<p>&nbsp;<\/p>\n<p><u>Nagrody postanowiono przyzna\u0107 bez podzia\u0142u na kategorie wiekowe, przyznaj\u0105c pierwsze\u00a0 miejsce i r\u00f3wnorz\u0119dne dwa miejsca.<\/u><\/p>\n<p><strong>I\u00a0 miejsce\u2013 \u00a0\u00a0\u00a0<\/strong>Zesp\u00f3\u0142\u00a0 Teatralny \u015awietlik\u00a0 spektakl pt. \u201eLalki\u201d, z POPP (Powiatowe Ognisko Pracy Pozaszkolnej) w\u00a0 Czerwionce- Leszczynach przy ZSP (Zesp\u00f3\u0142 Szkolno-Przedszkolny) w Lyskach<\/p>\n<p><strong>II\u00a0 miejsce \u2013 <\/strong>Grupa teatralno-kabaretowa \u201ePard\u0105sik\u201d spektakl pt. \u201eKto ty jeste\u015b?\u201d z \u00a0Pa\u0142acu Kultury Zag\u0142\u0119bia \u00a0w D\u0105browie G\u00f3rniczej<\/p>\n<p><strong>ex aequo<\/strong><\/p>\n<p><strong>II\u00a0 miejsce \u00a0<\/strong>Zesp\u00f3\u0142\u00a0 Teatralny\u00a0 \u201eOrzeszki \u201e\u00a0 spektakl pt. \u201eRakiety, skarpety\u201d \u00a0z Klubu \u201ePod\u0142\u0119\u017ce\u201d\u00a0\u00a0 Miejskiego Centrum Kultury i Sportu w Jaworznie<\/p>\n<p><strong>III miejsce<\/strong>\u00a0 Kawiarenka\u00a0 literacko-teatralna \u201eTo i Owo\u201d z I LO im. Jana \u015aniadeckiego w Siemianowicach \u015al.\u00a0 Spektakl pt. \u201eS\u0142owa\u201d<\/p>\n<p>&nbsp;<\/p>\n<p>Wszystkim nagrodzonym gratulujemy, a bior\u0105cym udzia\u0142 w przegl\u0105dzie dzi\u0119kujemy za przybycie i zapraszamy za rok.<\/p>\n","protected":false},"excerpt":{"rendered":"<p>PROTOK\u00d3\u0141 Z POSIEDZENIA JURY V \u00a0Wojew\u00f3dzkiego Festiwalu Teatralnych Zespo\u0142\u00f3w Dzieci\u0119cych i M\u0142odzie\u017cowych\u00a0 \u201ePROSCENIUM\u201d &nbsp; Jury w sk\u0142adzie: Beata Chren \u2013 aktorka Antoni Gryzik \u00a0&#8211; aktor Marek Ko\u0142buk \u2013 Specjalista ds. Imprez\u00a0 i Promocji Siemianowickiego Centrum Kultury &nbsp; Po obejrzeniu \u00a021 marca 2019 r. \u00a0roku, \u00a0w \u00a0Siemianowickim Centrum Kultury\u00a0 przy ul. Niepodleg\u0142o\u015bci 45 w Siemianowicach \u015al\u0105skich,\u00a0 [&hellip;]<\/p>\n","protected":false},"author":6,"featured_media":11269,"comment_status":"closed","ping_status":"open","sticky":false,"template":"","format":"standard","meta":[],"categories":[1],"tags":[],"_links":{"self":[{"href":"https:\/\/www.siemck.pl\/wp-json\/wp\/v2\/posts\/11268"}],"collection":[{"href":"https:\/\/www.siemck.pl\/wp-json\/wp\/v2\/posts"}],"about":[{"href":"https:\/\/www.siemck.pl\/wp-json\/wp\/v2\/types\/post"}],"author":[{"embeddable":true,"href":"https:\/\/www.siemck.pl\/wp-json\/wp\/v2\/users\/6"}],"replies":[{"embeddable":true,"href":"https:\/\/www.siemck.pl\/wp-json\/wp\/v2\/comments?post=11268"}],"version-history":[{"count":1,"href":"https:\/\/www.siemck.pl\/wp-json\/wp\/v2\/posts\/11268\/revisions"}],"predecessor-version":[{"id":11270,"href":"https:\/\/www.siemck.pl\/wp-json\/wp\/v2\/posts\/11268\/revisions\/11270"}],"wp:featuredmedia":[{"embeddable":true,"href":"https:\/\/www.siemck.pl\/wp-json\/wp\/v2\/media\/11269"}],"wp:attachment":[{"href":"https:\/\/www.siemck.pl\/wp-json\/wp\/v2\/media?parent=11268"}],"wp:term":[{"taxonomy":"category","embeddable":true,"href":"https:\/\/www.siemck.pl\/wp-json\/wp\/v2\/categories?post=11268"},{"taxonomy":"post_tag","embeddable":true,"href":"https:\/\/www.siemck.pl\/wp-json\/wp\/v2\/tags?post=11268"}],"curies":[{"name":"wp","href":"https:\/\/api.w.org\/{rel}","templated":true}]}}