{"id":11074,"date":"2019-03-12T14:00:01","date_gmt":"2019-03-12T13:00:01","guid":{"rendered":"https:\/\/siemck.pl\/?p=11074"},"modified":"2019-03-12T14:00:01","modified_gmt":"2019-03-12T13:00:01","slug":"14-kwietnia-wiosenny-kiermasz-w-parku-tradycji","status":"publish","type":"post","link":"https:\/\/www.siemck.pl\/14-kwietnia-wiosenny-kiermasz-w-parku-tradycji\/","title":{"rendered":"14 kwietnia wiosenny kiermasz w Parku Tradycji"},"content":{"rendered":"<p>Siemianowickie Centrum Kultury zaprasza tw\u00f3rc\u00f3w r\u0119kodzie\u0142a do wystawienia stoiska ze swoimi pracami. Wiosenne Inspiracje &#8211; Kiermasz Rozmaito\u015bci to miejsce wpisane w kalendarz SCK Parku Tradycji. Mi\u0142a atmosfera, coraz wi\u0119ksza liczba odwiedzaj\u0105cych oraz okazja do poznania ludzi o podobnych zainteresowaniach to wystarczaj\u0105ce powody do tego, \u017ceby zg\u0142osi\u0107 ch\u0119\u0107 udzia\u0142u w kiermaszu. Zapraszamy!<\/p>\n<p>Aby si\u0119 zg\u0142osi\u0107 na kiermasz, wype\u0142nij <a href=\"https:\/\/siemck.pl\/wp-content\/uploads\/formularz_zg\u0142oszeniowy_kiermaszu_wiosna_2019.doc\">formularz_zg\u0142oszeniowy_kiermaszu_wiosna_2019<\/a><\/p>\n<p>Wcze\u015bniej prosz\u0119 si\u0119 dok\u0142adnie przeczyta\u0107 <a href=\"https:\/\/siemck.pl\/wp-content\/uploads\/regulamin.pdf\">regulamin<\/a><\/p>\n","protected":false},"excerpt":{"rendered":"<p>Siemianowickie Centrum Kultury zaprasza tw\u00f3rc\u00f3w r\u0119kodzie\u0142a do wystawienia stoiska ze swoimi pracami. Wiosenne Inspiracje &#8211; Kiermasz Rozmaito\u015bci to miejsce wpisane w kalendarz SCK Parku Tradycji. Mi\u0142a atmosfera, coraz wi\u0119ksza liczba odwiedzaj\u0105cych oraz okazja do poznania ludzi o podobnych zainteresowaniach to wystarczaj\u0105ce powody do tego, \u017ceby zg\u0142osi\u0107 ch\u0119\u0107 udzia\u0142u w kiermaszu. Zapraszamy! Aby si\u0119 zg\u0142osi\u0107 na [&hellip;]<\/p>\n","protected":false},"author":5,"featured_media":11078,"comment_status":"closed","ping_status":"open","sticky":false,"template":"","format":"standard","meta":[],"categories":[1,89,88],"tags":[],"_links":{"self":[{"href":"https:\/\/www.siemck.pl\/wp-json\/wp\/v2\/posts\/11074"}],"collection":[{"href":"https:\/\/www.siemck.pl\/wp-json\/wp\/v2\/posts"}],"about":[{"href":"https:\/\/www.siemck.pl\/wp-json\/wp\/v2\/types\/post"}],"author":[{"embeddable":true,"href":"https:\/\/www.siemck.pl\/wp-json\/wp\/v2\/users\/5"}],"replies":[{"embeddable":true,"href":"https:\/\/www.siemck.pl\/wp-json\/wp\/v2\/comments?post=11074"}],"version-history":[{"count":1,"href":"https:\/\/www.siemck.pl\/wp-json\/wp\/v2\/posts\/11074\/revisions"}],"predecessor-version":[{"id":11079,"href":"https:\/\/www.siemck.pl\/wp-json\/wp\/v2\/posts\/11074\/revisions\/11079"}],"wp:featuredmedia":[{"embeddable":true,"href":"https:\/\/www.siemck.pl\/wp-json\/wp\/v2\/media\/11078"}],"wp:attachment":[{"href":"https:\/\/www.siemck.pl\/wp-json\/wp\/v2\/media?parent=11074"}],"wp:term":[{"taxonomy":"category","embeddable":true,"href":"https:\/\/www.siemck.pl\/wp-json\/wp\/v2\/categories?post=11074"},{"taxonomy":"post_tag","embeddable":true,"href":"https:\/\/www.siemck.pl\/wp-json\/wp\/v2\/tags?post=11074"}],"curies":[{"name":"wp","href":"https:\/\/api.w.org\/{rel}","templated":true}]}}