{"id":10783,"date":"2019-01-21T10:47:18","date_gmt":"2019-01-21T09:47:18","guid":{"rendered":"https:\/\/siemck.pl\/?p=10783"},"modified":"2019-01-21T10:47:18","modified_gmt":"2019-01-21T09:47:18","slug":"akcja-zima-w-sck","status":"publish","type":"post","link":"https:\/\/www.siemck.pl\/akcja-zima-w-sck\/","title":{"rendered":"Akcja Zima w SCK"},"content":{"rendered":"<p>Zapraszamy do udzia\u0142u w bezp\u0142atnych zaj\u0119ciach dla dzieci w ramach Akcji Zima:<\/p>\n<p>SCK Bytk\u00f3w, ul. Niepodleg\u0142o\u015bci 45 &#8211; Pracownia Plastyczna &#8222;Okienko&#8221;<br \/>\n<strong>ZIMOWE PODR\u00d3\u017bE &#8211; WARSZTATY PLASTYCZNE DLA DZIECI\u00a0<\/strong><br \/>\n11-15 lutego (poniedzia\u0142ek- pi\u0105tek)<br \/>\ngodz. 10.00 &#8211; dzieci w wieku 6-9 lat<br \/>\ngodz. 12.00 &#8211; dzieci od 10 roku \u017cycia<br \/>\nNa zaj\u0119cia nie obowi\u0105zuj\u0105 \u017cadne zapisy. Zaj\u0119cia przeznaczone s\u0105 dla indywidualnych os\u00f3b, nie grup zorganizowanych.<\/p>\n<p>&nbsp;<\/p>\n<p>SCK Park Tradycji, ul. Orzeszkowej 12<br \/>\n<strong>ZIMOWE KINO DLA DZIECI &#8211; PROJEKCJE FILM\u00d3W DLA DZIECI W KINIE MAKS<\/strong><br \/>\n11-15 lutego (poniedzia\u0142ek- pi\u0105tek) oraz 18-21 lutego (poniedzia\u0142ek &#8211; pi\u0105tek), godz. 10.00<br \/>\nIlo\u015b\u0107 miejsc na sali kinowej ograniczona.<\/p>\n<p>&nbsp;<\/p>\n<p>SCK Zameczek, ul. O\u015bwi\u0119cimska 1<br \/>\n12-14 lutego (wtorek-czwartek), godz. 10.00 &#8211; <strong>AKADEMIA M\u0141ODEGO ODKRYWCY<\/strong><br \/>\n18-22 lutego (poniedzia\u0142ek-pi\u0105tek) &#8211; <strong>WARSZTATY PLASTYCZNE W PRACOWNI &#8222;NA WINKLU&#8221;<\/strong><br \/>\ngodz. 10.00 &#8211; dzieci w wieku 6-9 lat<br \/>\ngodz. 12.00 &#8211; dzieci powy\u017cej 10 roku \u017cycia<br \/>\nBezp\u0142atne wej\u015bci\u00f3wki na zaj\u0119cia dost\u0119pne b\u0119d\u0105 w SCK Zameczek od 7 lutego.<\/p>\n<p>&nbsp;<\/p>\n<p>&nbsp;<\/p>\n","protected":false},"excerpt":{"rendered":"<p>Zapraszamy do udzia\u0142u w bezp\u0142atnych zaj\u0119ciach dla dzieci w ramach Akcji Zima: SCK Bytk\u00f3w, ul. Niepodleg\u0142o\u015bci 45 &#8211; Pracownia Plastyczna &#8222;Okienko&#8221; ZIMOWE PODR\u00d3\u017bE &#8211; WARSZTATY PLASTYCZNE DLA DZIECI\u00a0 11-15 lutego (poniedzia\u0142ek- pi\u0105tek) godz. 10.00 &#8211; dzieci w wieku 6-9 lat godz. 12.00 &#8211; dzieci od 10 roku \u017cycia Na zaj\u0119cia nie obowi\u0105zuj\u0105 \u017cadne zapisy. Zaj\u0119cia [&hellip;]<\/p>\n","protected":false},"author":6,"featured_media":10784,"comment_status":"closed","ping_status":"open","sticky":false,"template":"","format":"standard","meta":[],"categories":[1],"tags":[],"_links":{"self":[{"href":"https:\/\/www.siemck.pl\/wp-json\/wp\/v2\/posts\/10783"}],"collection":[{"href":"https:\/\/www.siemck.pl\/wp-json\/wp\/v2\/posts"}],"about":[{"href":"https:\/\/www.siemck.pl\/wp-json\/wp\/v2\/types\/post"}],"author":[{"embeddable":true,"href":"https:\/\/www.siemck.pl\/wp-json\/wp\/v2\/users\/6"}],"replies":[{"embeddable":true,"href":"https:\/\/www.siemck.pl\/wp-json\/wp\/v2\/comments?post=10783"}],"version-history":[{"count":1,"href":"https:\/\/www.siemck.pl\/wp-json\/wp\/v2\/posts\/10783\/revisions"}],"predecessor-version":[{"id":10785,"href":"https:\/\/www.siemck.pl\/wp-json\/wp\/v2\/posts\/10783\/revisions\/10785"}],"wp:featuredmedia":[{"embeddable":true,"href":"https:\/\/www.siemck.pl\/wp-json\/wp\/v2\/media\/10784"}],"wp:attachment":[{"href":"https:\/\/www.siemck.pl\/wp-json\/wp\/v2\/media?parent=10783"}],"wp:term":[{"taxonomy":"category","embeddable":true,"href":"https:\/\/www.siemck.pl\/wp-json\/wp\/v2\/categories?post=10783"},{"taxonomy":"post_tag","embeddable":true,"href":"https:\/\/www.siemck.pl\/wp-json\/wp\/v2\/tags?post=10783"}],"curies":[{"name":"wp","href":"https:\/\/api.w.org\/{rel}","templated":true}]}}