{"id":30259,"global_id":"www.siemck.pl?id=30259","global_id_lineage":["www.siemck.pl?id=30259"],"author":"12","status":"publish","date":"2026-02-25 13:47:14","date_utc":"2026-02-25 12:47:14","modified":"2026-02-25 13:47:14","modified_utc":"2026-02-25 12:47:14","url":"https:\/\/www.siemck.pl\/wydarzenie\/albo-i-nie-koncert-muzyczna-scena-mlodych\/","rest_url":"https:\/\/www.siemck.pl\/wp-json\/tribe\/events\/v1\/events\/30259","title":"Albo i Nie &#8211; koncert. Muzyczna Scena M\u0142odych","description":"<p>Zesp\u00f3\u0142 Albo i Nie powsta\u0142 w2011 roku. Na pocz\u0105tku nast\u0119pnego roku rozpocz\u0105\u0142 dzia\u0142alno\u015b\u0107 koncertow\u0105 zyskuj\u0105c coraz szersze uznanie i za swoj\u0105 tw\u00f3rczo\u015b\u0107 uzyskuj\u0105c nagrody og\u00f3lnopolskich i mi\u0119dzynarodowych festiwali.<\/p>\n<p>W 2013 roku zesp\u00f3\u0142 nagra\u0142 swoj\u0105 pierwsz\u0105 p\u0142yt\u0119 &#8222;Tak&#8221;. W 2014 roku zosta\u0142 finalist\u0105 og\u00f3lnopolskiego festiwalu Chrze\u015bcija\u0144skie Debiuty 2014 oraz p\u00f3\u0142finalist\u0105 programu Must Be The Music. Na pocz\u0105tku 2016 roku ukaza\u0142 si\u0119 druga p\u0142yta zespo\u0142u &#8222;14 spojrze\u0144&#8221;, a w 2017 roku zesp\u00f3\u0142 wyda\u0142 p\u0142yt\u0119 kol\u0119dow\u0105 &#8222;Cud\u00f3w Czas&#8221;. W 2023 roku ukaza\u0142a si\u0119 ostatnia dotychczas p\u0142yta \u201e4\u201d, ale zesp\u00f3\u0142 ju\u017c odgra\u017ca si\u0119, \u017ce to nie koniec.<\/p>\n<p>Repertuar zespo\u0142u sk\u0142ada si\u0119 z piosenek autorskich. Niebanalne teksty w po\u0142\u0105czeniu z ciekawymi aran\u017cacjami wokalno-instrumentalnymi zapewniaj\u0105 s\u0142uchaczom wiele pozytywnych wra\u017ce\u0144, przenosz\u0105c ich w krain\u0119 nastrojowej poezji \u015bpiewanej niepozbawionej u\u015bmiechu.<\/p>\n<p>Na scenie zesp\u00f3\u0142 rozpoznawalny jest nie tylko po charakterystycznym stylu muzycznym, ale i po rzucaj\u0105cych si\u0119 w oczy bia\u0142ych koszulach i czarnych krawatach. Gdziekolwiek ich zobaczycie graj\u0105cych &#8211; po lewej zobaczycie gitarzyst\u0119 Wojciecha Zakowicza. W \u015brodku siedz\u0105 wokalista Bartosz Zdechlikiewicz i mandolinista Marcin Solik, na prawej flance za\u015b basista Micha\u0142 Rosta\u0144ski. Mimo bia\u0142o-czarnego zestawienia ka\u017cdy z nich odznacza si\u0119 swoim kolorem, czy jeste\u015bcie w stanie je odnale\u017a\u0107?<\/p>","excerpt":"","slug":"albo-i-nie-koncert-muzyczna-scena-mlodych","image":{"url":"https:\/\/www.siemck.pl\/wp-content\/uploads\/Albo-i-nie-cover.jpg","id":30260,"extension":"jpg","width":2456,"height":2456,"sizes":{"medium":{"width":400,"height":400,"mime-type":"image\/jpeg","url":"https:\/\/www.siemck.pl\/wp-content\/uploads\/Albo-i-nie-cover-400x400.jpg"},"large":{"width":2000,"height":2000,"mime-type":"image\/jpeg","url":"https:\/\/www.siemck.pl\/wp-content\/uploads\/Albo-i-nie-cover-2000x2000.jpg"},"thumbnail":{"width":150,"height":150,"mime-type":"image\/jpeg","url":"https:\/\/www.siemck.pl\/wp-content\/uploads\/Albo-i-nie-cover-150x150.jpg"},"medium_large":{"width":768,"height":768,"mime-type":"image\/jpeg","url":"https:\/\/www.siemck.pl\/wp-content\/uploads\/Albo-i-nie-cover-768x768.jpg"},"wysija-newsletters-max":{"width":600,"height":600,"mime-type":"image\/jpeg","url":"https:\/\/www.siemck.pl\/wp-content\/uploads\/Albo-i-nie-cover-600x600.jpg"},"1536x1536":{"width":1536,"height":1536,"mime-type":"image\/jpeg","url":"https:\/\/www.siemck.pl\/wp-content\/uploads\/Albo-i-nie-cover-1536x1536.jpg"},"2048x2048":{"width":2048,"height":2048,"mime-type":"image\/jpeg","url":"https:\/\/www.siemck.pl\/wp-content\/uploads\/Albo-i-nie-cover-2048x2048.jpg"},"blog-thumbnail":{"width":400,"height":200,"mime-type":"image\/jpeg","url":"https:\/\/www.siemck.pl\/wp-content\/uploads\/Albo-i-nie-cover-400x200.jpg"},"menu-24x24":{"width":24,"height":24,"mime-type":"image\/jpeg","url":"https:\/\/www.siemck.pl\/wp-content\/uploads\/Albo-i-nie-cover-24x24.jpg"},"menu-36x36":{"width":36,"height":36,"mime-type":"image\/jpeg","url":"https:\/\/www.siemck.pl\/wp-content\/uploads\/Albo-i-nie-cover-36x36.jpg"},"menu-48x48":{"width":48,"height":48,"mime-type":"image\/jpeg","url":"https:\/\/www.siemck.pl\/wp-content\/uploads\/Albo-i-nie-cover-48x48.jpg"}}},"all_day":false,"start_date":"2026-04-17 19:00:00","start_date_details":{"year":"2026","month":"04","day":"17","hour":"19","minutes":"00","seconds":"00"},"end_date":"2026-04-17 19:00:00","end_date_details":{"year":"2026","month":"04","day":"17","hour":"19","minutes":"00","seconds":"00"},"utc_start_date":"2026-04-17 17:00:00","utc_start_date_details":{"year":"2026","month":"04","day":"17","hour":"17","minutes":"00","seconds":"00"},"utc_end_date":"2026-04-17 17:00:00","utc_end_date_details":{"year":"2026","month":"04","day":"17","hour":"17","minutes":"00","seconds":"00"},"timezone":"Europe\/Warsaw","timezone_abbr":"CEST","cost":"50z\u0142","cost_details":{"currency_symbol":"z\u0142","currency_position":"suffix","values":["50"]},"website":"","show_map":true,"show_map_link":true,"hide_from_listings":false,"sticky":false,"featured":false,"categories":[{"name":"Imprezy p\u0142atne","slug":"imprezy-platne","term_group":0,"term_taxonomy_id":59,"taxonomy":"tribe_events_cat","description":"","parent":0,"count":2420,"filter":"raw","id":59,"urls":{"self":"https:\/\/www.siemck.pl\/wp-json\/tribe\/events\/v1\/categories\/59","collection":"https:\/\/www.siemck.pl\/wp-json\/tribe\/events\/v1\/categories"}},{"name":"Koncerty","slug":"koncerty","term_group":0,"term_taxonomy_id":53,"taxonomy":"tribe_events_cat","description":"","parent":0,"count":1101,"filter":"raw","id":53,"urls":{"self":"https:\/\/www.siemck.pl\/wp-json\/tribe\/events\/v1\/categories\/53","collection":"https:\/\/www.siemck.pl\/wp-json\/tribe\/events\/v1\/categories"}}],"tags":[],"venue":{"id":2236,"author":"1","status":"publish","date":"2017-03-19 16:00:29","date_utc":"2017-03-19 15:00:29","modified":"2017-10-11 22:43:12","modified_utc":"2017-10-11 20:43:12","url":"https:\/\/www.siemck.pl\/miejsce\/sck-park-tradycji\/","venue":"SCK Park Tradycji","slug":"sck-park-tradycji","address":"ul. E. Orzeszkowej 12","city":"Siemianowice \u015al\u0105skie","zip":"41-103","phone":"(32) 765 27 40","json_ld":{"@type":"Place","name":"SCK Park Tradycji","description":"","url":"","address":{"@type":"PostalAddress","streetAddress":"ul. E. Orzeszkowej 12","addressLocality":"Siemianowice \u015al\u0105skie","postalCode":"41-103"},"telephone":"(32) 765 27 40","sameAs":""},"show_map":true,"show_map_link":true,"global_id":"www.siemck.pl?id=2236","global_id_lineage":["www.siemck.pl?id=2236"]},"organizer":[{"id":2173,"author":"1","status":"publish","date":"2017-03-18 19:25:46","date_utc":"2017-03-18 18:25:46","modified":"2022-05-09 14:38:26","modified_utc":"2022-05-09 12:38:26","url":"https:\/\/www.siemck.pl\/organizator\/siemianowickie-centrum-kultury\/","organizer":"Siemianowickie Centrum Kultury","slug":"siemianowickie-centrum-kultury","phone":"32 228 72 80","website":"www.siemck.pl","email":"sekretariat@siemck.pl","json_ld":{"@type":"Person","name":"Siemianowickie Centrum Kultury","description":"","url":"","telephone":"32 228 72 80","email":"&#115;e&#107;r&#101;&#116;ari&#97;t&#64;si&#101;&#109;&#99;&#107;.&#112;l","sameAs":"http:\/\/www.siemck.pl"},"global_id":"www.siemck.pl?id=2173","global_id_lineage":["www.siemck.pl?id=2173"]}],"json_ld":{"@context":"http:\/\/schema.org","@type":"Event","name":"Albo i Nie &#8211; koncert. Muzyczna Scena M\u0142odych","description":"&lt;p&gt;Zesp\u00f3\u0142 Albo i Nie powsta\u0142 w2011 roku. Na pocz\u0105tku nast\u0119pnego roku rozpocz\u0105\u0142 dzia\u0142alno\u015b\u0107 koncertow\u0105 zyskuj\u0105c coraz szersze uznanie i za swoj\u0105 tw\u00f3rczo\u015b\u0107 uzyskuj\u0105c nagrody og\u00f3lnopolskich i mi\u0119dzynarodowych festiwali. W 2013 roku zesp\u00f3\u0142 nagra\u0142 swoj\u0105 pierwsz\u0105 p\u0142yt\u0119 &quot;Tak&quot;. W 2014 roku zosta\u0142 finalist\u0105 og\u00f3lnopolskiego festiwalu Chrze\u015bcija\u0144skie Debiuty 2014 oraz p\u00f3\u0142finalist\u0105 programu Must Be The Music. Na [&hellip;]&lt;\/p&gt;\\n","image":"https:\/\/www.siemck.pl\/wp-content\/uploads\/Albo-i-nie-cover.jpg","url":"https:\/\/www.siemck.pl\/wydarzenie\/albo-i-nie-koncert-muzyczna-scena-mlodych\/","startDate":"2026-04-17T19:00:00+02:00","endDate":"2026-04-17T19:00:00+02:00","location":{"@type":"Place","name":"SCK Park Tradycji","description":"","url":"","address":{"@type":"PostalAddress","streetAddress":"ul. E. Orzeszkowej 12","addressLocality":"Siemianowice \u015al\u0105skie","postalCode":"41-103"},"telephone":"(32) 765 27 40","sameAs":""},"organizer":{"@type":"Person","name":"Siemianowickie Centrum Kultury","description":"","url":"","telephone":"32 228 72 80","email":"&#115;&#101;&#107;&#114;&#101;t&#97;&#114;&#105;&#97;&#116;&#64;&#115;&#105;em&#99;&#107;&#46;&#112;l","sameAs":"http:\/\/www.siemck.pl"},"offers":{"@type":"Offer","price":"50","url":"https:\/\/www.siemck.pl\/wydarzenie\/albo-i-nie-koncert-muzyczna-scena-mlodych\/"}}}