{"id":29944,"global_id":"www.siemck.pl?id=29944","global_id_lineage":["www.siemck.pl?id=29944"],"author":"13","status":"publish","date":"2025-12-17 12:19:15","date_utc":"2025-12-17 11:19:15","modified":"2026-02-24 09:18:04","modified_utc":"2026-02-24 08:18:04","url":"https:\/\/www.siemck.pl\/wydarzenie\/klasycy-rocka-i-nie-tylko-ewa-farna\/","rest_url":"https:\/\/www.siemck.pl\/wp-json\/tribe\/events\/v1\/events\/29944","title":"klasycy rocka i nie tylko &#8211; ewa farna","description":"<p>Klasycy rocka i nie tylko to cykliczna impreza na kt\u00f3r\u0105 zaprasza Bart\u0142omiej Gruchlik \u2013 redaktor muzyczny Radia Katowice. Spotkanie u\u015bwietni\u0105 wyst\u0119py dzieci i m\u0142odzie\u017cy z MDK Jordan pod opiek\u0105 artystyczn\u0105 Bogumi\u0142y Kli\u015b.<\/p>","excerpt":"","slug":"klasycy-rocka-i-nie-tylko-ewa-farna","image":{"url":"https:\/\/www.siemck.pl\/wp-content\/uploads\/klasycy-rocka-1.jpg","id":21535,"extension":"jpg","width":1385,"height":880,"sizes":{"medium":{"width":400,"height":254,"mime-type":"image\/jpeg","url":"https:\/\/www.siemck.pl\/wp-content\/uploads\/klasycy-rocka-1-400x254.jpg"},"thumbnail":{"width":150,"height":150,"mime-type":"image\/jpeg","url":"https:\/\/www.siemck.pl\/wp-content\/uploads\/klasycy-rocka-1-150x150.jpg"},"medium_large":{"width":768,"height":488,"mime-type":"image\/jpeg","url":"https:\/\/www.siemck.pl\/wp-content\/uploads\/klasycy-rocka-1-768x488.jpg"},"wysija-newsletters-max":{"width":600,"height":381,"mime-type":"image\/jpeg","url":"https:\/\/www.siemck.pl\/wp-content\/uploads\/klasycy-rocka-1-600x381.jpg"},"blog-thumbnail":{"width":400,"height":200,"mime-type":"image\/jpeg","url":"https:\/\/www.siemck.pl\/wp-content\/uploads\/klasycy-rocka-1-400x200.jpg"}}},"all_day":false,"start_date":"2026-03-12 17:00:00","start_date_details":{"year":"2026","month":"03","day":"12","hour":"17","minutes":"00","seconds":"00"},"end_date":"2026-03-12 17:00:00","end_date_details":{"year":"2026","month":"03","day":"12","hour":"17","minutes":"00","seconds":"00"},"utc_start_date":"2026-03-12 16:00:00","utc_start_date_details":{"year":"2026","month":"03","day":"12","hour":"16","minutes":"00","seconds":"00"},"utc_end_date":"2026-03-12 16:00:00","utc_end_date_details":{"year":"2026","month":"03","day":"12","hour":"16","minutes":"00","seconds":"00"},"timezone":"Europe\/Warsaw","timezone_abbr":"CET","cost":"15\u00a0z\u0142","cost_details":{"currency_symbol":"","currency_position":"suffix","values":["15"]},"website":"","show_map":true,"show_map_link":true,"hide_from_listings":false,"sticky":false,"featured":false,"categories":[{"name":"Imprezy p\u0142atne","slug":"imprezy-platne","term_group":0,"term_taxonomy_id":59,"taxonomy":"tribe_events_cat","description":"","parent":0,"count":2420,"filter":"raw","id":59,"urls":{"self":"https:\/\/www.siemck.pl\/wp-json\/tribe\/events\/v1\/categories\/59","collection":"https:\/\/www.siemck.pl\/wp-json\/tribe\/events\/v1\/categories"}}],"tags":[],"venue":{"id":2240,"author":"1","status":"publish","date":"2017-03-19 16:18:14","date_utc":"2017-03-19 15:18:14","modified":"2017-10-11 22:02:07","modified_utc":"2017-10-11 20:02:07","url":"https:\/\/www.siemck.pl\/miejsce\/sck-willa-fitznera\/","venue":"SCK Willa Fitznera","slug":"sck-willa-fitznera","image":{"url":"https:\/\/www.siemck.pl\/wp-content\/uploads\/wf9-1.jpg","id":7208,"extension":"jpg","width":1000,"height":668,"sizes":{"thumbnail":{"width":150,"height":150,"mime-type":"image\/jpeg","url":"https:\/\/www.siemck.pl\/wp-content\/uploads\/wf9-1-150x150.jpg"},"medium":{"width":400,"height":267,"mime-type":"image\/jpeg","url":"https:\/\/www.siemck.pl\/wp-content\/uploads\/wf9-1-400x267.jpg"},"medium_large":{"width":768,"height":513,"mime-type":"image\/jpeg","url":"https:\/\/www.siemck.pl\/wp-content\/uploads\/wf9-1-768x513.jpg"},"wysija-newsletters-max":{"width":600,"height":401,"mime-type":"image\/jpeg","url":"https:\/\/www.siemck.pl\/wp-content\/uploads\/wf9-1-600x401.jpg"},"blog-thumbnail":{"width":400,"height":200,"mime-type":"image\/jpeg","url":"https:\/\/www.siemck.pl\/wp-content\/uploads\/wf9-1-400x200.jpg"}}},"address":"ul. Fitzner\u00f3w 3","city":"Siemianowice \u015al\u0105skie","zip":"41-100","phone":"(32) 763 2730","json_ld":{"@type":"Place","name":"SCK Willa Fitznera","description":"","image":"https:\/\/www.siemck.pl\/wp-content\/uploads\/wf9-1.jpg","url":"","address":{"@type":"PostalAddress","streetAddress":"ul. Fitzner\u00f3w 3","addressLocality":"Siemianowice \u015al\u0105skie","postalCode":"41-100"},"telephone":"(32) 763 2730","sameAs":""},"show_map":true,"show_map_link":true,"global_id":"www.siemck.pl?id=2240","global_id_lineage":["www.siemck.pl?id=2240"]},"organizer":[{"id":2173,"author":"1","status":"publish","date":"2017-03-18 19:25:46","date_utc":"2017-03-18 18:25:46","modified":"2022-05-09 14:38:26","modified_utc":"2022-05-09 12:38:26","url":"https:\/\/www.siemck.pl\/organizator\/siemianowickie-centrum-kultury\/","organizer":"Siemianowickie Centrum Kultury","slug":"siemianowickie-centrum-kultury","phone":"32 228 72 80","website":"www.siemck.pl","email":"sekretariat@siemck.pl","json_ld":{"@type":"Person","name":"Siemianowickie Centrum Kultury","description":"","url":"","telephone":"32 228 72 80","email":"s&#101;kr&#101;&#116;&#97;&#114;iat&#64;&#115;iemc&#107;.p&#108;","sameAs":"http:\/\/www.siemck.pl"},"global_id":"www.siemck.pl?id=2173","global_id_lineage":["www.siemck.pl?id=2173"]}],"json_ld":{"@context":"http:\/\/schema.org","@type":"Event","name":"klasycy rocka i nie tylko &#8211; ewa farna","description":"&lt;p&gt;Klasycy rocka i nie tylko to cykliczna impreza na kt\u00f3r\u0105 zaprasza Bart\u0142omiej Gruchlik \u2013 redaktor muzyczny Radia Katowice. Spotkanie u\u015bwietni\u0105 wyst\u0119py dzieci i m\u0142odzie\u017cy z MDK Jordan pod opiek\u0105 artystyczn\u0105 Bogumi\u0142y Kli\u015b.&lt;\/p&gt;\\n","image":"https:\/\/www.siemck.pl\/wp-content\/uploads\/klasycy-rocka-1.jpg","url":"https:\/\/www.siemck.pl\/wydarzenie\/klasycy-rocka-i-nie-tylko-ewa-farna\/","startDate":"2026-03-12T17:00:00+01:00","endDate":"2026-03-12T17:00:00+01:00","location":{"@type":"Place","name":"SCK Willa Fitznera","description":"","image":"https:\/\/www.siemck.pl\/wp-content\/uploads\/wf9-1.jpg","url":"","address":{"@type":"PostalAddress","streetAddress":"ul. Fitzner\u00f3w 3","addressLocality":"Siemianowice \u015al\u0105skie","postalCode":"41-100"},"telephone":"(32) 763 2730","sameAs":""},"organizer":{"@type":"Person","name":"Siemianowickie Centrum Kultury","description":"","url":"","telephone":"32 228 72 80","email":"se&#107;r&#101;tariat&#64;&#115;i&#101;mck&#46;p&#108;","sameAs":"http:\/\/www.siemck.pl"},"offers":{"@type":"Offer","price":"15","url":"https:\/\/www.siemck.pl\/wydarzenie\/klasycy-rocka-i-nie-tylko-ewa-farna\/"}}}