{"id":29927,"global_id":"www.siemck.pl?id=29927","global_id_lineage":["www.siemck.pl?id=29927"],"author":"6","status":"publish","date":"2025-12-17 11:34:56","date_utc":"2025-12-17 10:34:56","modified":"2025-12-17 11:34:56","modified_utc":"2025-12-17 10:34:56","url":"https:\/\/www.siemck.pl\/wydarzenie\/dorosli-w-okienku-6\/","rest_url":"https:\/\/www.siemck.pl\/wp-json\/tribe\/events\/v1\/events\/29927","title":"Doro\u015bli w Okienku","description":"<p>Z cyklu <strong>&#8222;Doro\u015bli w Okienku&#8221;<\/strong> zapraszamy na warsztaty dla doros\u0142ych do Pracowni Plastycznej &#8222;Okienko&#8221; przy SCK- Bytk\u00f3w.<br \/>\nTym razem w ramach <strong>&#8222;Spotka\u0144 z grafik\u0105&#8221;<\/strong> zapraszamy<strong> 28 lutego o godzinie 10.00 na warsztaty z suchej ig\u0142y.\u00a0<\/strong><\/p>\n<p>Bilety &#8211; 50 z\u0142otych od osoby dost\u0119pne w kasach SCK i on-line.<\/p>","excerpt":"","slug":"dorosli-w-okienku-6","image":{"url":"https:\/\/www.siemck.pl\/wp-content\/uploads\/sucha-igla-scaled.jpg","id":29928,"extension":"jpg","width":1717,"height":2560,"sizes":{"medium":{"width":268,"height":400,"mime-type":"image\/jpeg","url":"https:\/\/www.siemck.pl\/wp-content\/uploads\/sucha-igla-268x400.jpg"},"large":{"width":1341,"height":2000,"mime-type":"image\/jpeg","url":"https:\/\/www.siemck.pl\/wp-content\/uploads\/sucha-igla-1341x2000.jpg"},"thumbnail":{"width":150,"height":150,"mime-type":"image\/jpeg","url":"https:\/\/www.siemck.pl\/wp-content\/uploads\/sucha-igla-150x150.jpg"},"medium_large":{"width":768,"height":1145,"mime-type":"image\/jpeg","url":"https:\/\/www.siemck.pl\/wp-content\/uploads\/sucha-igla-768x1145.jpg"},"wysija-newsletters-max":{"width":600,"height":895,"mime-type":"image\/jpeg","url":"https:\/\/www.siemck.pl\/wp-content\/uploads\/sucha-igla-600x895.jpg"},"1536x1536":{"width":1030,"height":1536,"mime-type":"image\/jpeg","url":"https:\/\/www.siemck.pl\/wp-content\/uploads\/sucha-igla-1030x1536.jpg"},"2048x2048":{"width":1373,"height":2048,"mime-type":"image\/jpeg","url":"https:\/\/www.siemck.pl\/wp-content\/uploads\/sucha-igla-1373x2048.jpg"},"blog-thumbnail":{"width":400,"height":200,"mime-type":"image\/jpeg","url":"https:\/\/www.siemck.pl\/wp-content\/uploads\/sucha-igla-400x200.jpg"},"menu-24x24":{"width":16,"height":24,"mime-type":"image\/jpeg","url":"https:\/\/www.siemck.pl\/wp-content\/uploads\/sucha-igla-16x24.jpg"},"menu-36x36":{"width":24,"height":36,"mime-type":"image\/jpeg","url":"https:\/\/www.siemck.pl\/wp-content\/uploads\/sucha-igla-24x36.jpg"},"menu-48x48":{"width":32,"height":48,"mime-type":"image\/jpeg","url":"https:\/\/www.siemck.pl\/wp-content\/uploads\/sucha-igla-32x48.jpg"}},"original_image":"sucha-igla.jpg"},"all_day":false,"start_date":"2026-02-28 10:00:00","start_date_details":{"year":"2026","month":"02","day":"28","hour":"10","minutes":"00","seconds":"00"},"end_date":"2026-02-28 10:00:00","end_date_details":{"year":"2026","month":"02","day":"28","hour":"10","minutes":"00","seconds":"00"},"utc_start_date":"2026-02-28 09:00:00","utc_start_date_details":{"year":"2026","month":"02","day":"28","hour":"09","minutes":"00","seconds":"00"},"utc_end_date":"2026-02-28 09:00:00","utc_end_date_details":{"year":"2026","month":"02","day":"28","hour":"09","minutes":"00","seconds":"00"},"timezone":"Europe\/Warsaw","timezone_abbr":"CET","cost":"50z\u0142","cost_details":{"currency_symbol":"z\u0142","currency_position":"suffix","values":["50"]},"website":"","show_map":true,"show_map_link":true,"hide_from_listings":false,"sticky":false,"featured":false,"categories":[{"name":"Imprezy p\u0142atne","slug":"imprezy-platne","term_group":0,"term_taxonomy_id":59,"taxonomy":"tribe_events_cat","description":"","parent":0,"count":2420,"filter":"raw","id":59,"urls":{"self":"https:\/\/www.siemck.pl\/wp-json\/tribe\/events\/v1\/categories\/59","collection":"https:\/\/www.siemck.pl\/wp-json\/tribe\/events\/v1\/categories"}},{"name":"Warsztaty","slug":"warsztaty","term_group":0,"term_taxonomy_id":73,"taxonomy":"tribe_events_cat","description":"","parent":0,"count":1041,"filter":"raw","id":73,"urls":{"self":"https:\/\/www.siemck.pl\/wp-json\/tribe\/events\/v1\/categories\/73","collection":"https:\/\/www.siemck.pl\/wp-json\/tribe\/events\/v1\/categories"}}],"tags":[],"venue":{"id":2172,"author":"1","status":"publish","date":"2017-03-18 19:23:31","date_utc":"2017-03-18 18:23:31","modified":"2017-10-11 22:42:45","modified_utc":"2017-10-11 20:42:45","url":"https:\/\/www.siemck.pl\/miejsce\/sck-bytkow\/","venue":"SCK Bytk\u00f3w","slug":"sck-bytkow","address":"ul. Niepodleg\u0142o\u015bci 45","city":"Siemianowice \u015al\u0105skie","zip":"41-106","phone":"32 228 72 80","json_ld":{"@type":"Place","name":"SCK Bytk\u00f3w","description":"","url":"","address":{"@type":"PostalAddress","streetAddress":"ul. Niepodleg\u0142o\u015bci 45","addressLocality":"Siemianowice \u015al\u0105skie","postalCode":"41-106"},"telephone":"32 228 72 80","sameAs":""},"show_map":true,"show_map_link":true,"global_id":"www.siemck.pl?id=2172","global_id_lineage":["www.siemck.pl?id=2172"]},"organizer":[],"json_ld":{"@context":"http:\/\/schema.org","@type":"Event","name":"Doro\u015bli w Okienku","description":"&lt;p&gt;Z cyklu &quot;Doro\u015bli w Okienku&quot; zapraszamy na warsztaty dla doros\u0142ych do Pracowni Plastycznej &quot;Okienko&quot; przy SCK- Bytk\u00f3w. Tym razem w ramach &quot;Spotka\u0144 z grafik\u0105&quot; zapraszamy 28 lutego o godzinie 10.00 na warsztaty z suchej ig\u0142y.\u00a0 Bilety - 50 z\u0142otych od osoby dost\u0119pne w kasach SCK i on-line.&lt;\/p&gt;\\n","image":"https:\/\/www.siemck.pl\/wp-content\/uploads\/sucha-igla-scaled.jpg","url":"https:\/\/www.siemck.pl\/wydarzenie\/dorosli-w-okienku-6\/","startDate":"2026-02-28T10:00:00+01:00","endDate":"2026-02-28T10:00:00+01:00","location":{"@type":"Place","name":"SCK Bytk\u00f3w","description":"","url":"","address":{"@type":"PostalAddress","streetAddress":"ul. Niepodleg\u0142o\u015bci 45","addressLocality":"Siemianowice \u015al\u0105skie","postalCode":"41-106"},"telephone":"32 228 72 80","sameAs":""},"offers":{"@type":"Offer","price":"50","url":"https:\/\/www.siemck.pl\/wydarzenie\/dorosli-w-okienku-6\/"}}}