{"id":29856,"global_id":"www.siemck.pl?id=29856","global_id_lineage":["www.siemck.pl?id=29856"],"author":"13","status":"publish","date":"2025-12-17 09:32:22","date_utc":"2025-12-17 08:32:22","modified":"2026-01-12 09:29:22","modified_utc":"2026-01-12 08:29:22","url":"https:\/\/www.siemck.pl\/wydarzenie\/fitzner-cafe-379\/","rest_url":"https:\/\/www.siemck.pl\/wp-json\/tribe\/events\/v1\/events\/29856","title":"fitzner cafe","description":"<p>\u201eFitzner Cafe\u201d w Willi Fitznera sprawia, \u017ce na pi\u0105tek czeka si\u0119 jeszcze bardziej! Siemianowicki artysta \u2013 Bohdan Wantu\u0142a wprowadza nas swoimi wyst\u0119pami w niewiarygodny \u015bwiat muzycznej wariacji, pomaga si\u0119 zrelaksowa\u0107 i mi\u0142o sp\u0119dzi\u0107 czas po ca\u0142ym tygodniu.<\/p>","excerpt":"","slug":"fitzner-cafe-379","image":{"url":"https:\/\/www.siemck.pl\/wp-content\/uploads\/Bohdan-Wantu\u0142a-graj\u0105cy-na-fortepianie-w-Willi-Fitznera-ubrany-w-bia\u0142y-garnitur-oraz-bia\u0142\u0105-koszul\u0119-i-czarn\u0105-much\u0119.-Na-g\u0142owie-ma-bia\u0142y-kapelusz-z-czarn\u0105-lam\u00f3wk\u0105..jpg","id":16481,"extension":"jpg","width":800,"height":534,"sizes":{"thumbnail":{"width":150,"height":150,"mime-type":"image\/jpeg","url":"https:\/\/www.siemck.pl\/wp-content\/uploads\/Bohdan-Wantu\u0142a-graj\u0105cy-na-fortepianie-w-Willi-Fitznera-ubrany-w-bia\u0142y-garnitur-oraz-bia\u0142\u0105-koszul\u0119-i-czarn\u0105-much\u0119.-Na-g\u0142owie-ma-bia\u0142y-kapelusz-z-czarn\u0105-lam\u00f3wk\u0105.-150x150.jpg"},"medium":{"width":400,"height":267,"mime-type":"image\/jpeg","url":"https:\/\/www.siemck.pl\/wp-content\/uploads\/Bohdan-Wantu\u0142a-graj\u0105cy-na-fortepianie-w-Willi-Fitznera-ubrany-w-bia\u0142y-garnitur-oraz-bia\u0142\u0105-koszul\u0119-i-czarn\u0105-much\u0119.-Na-g\u0142owie-ma-bia\u0142y-kapelusz-z-czarn\u0105-lam\u00f3wk\u0105.-400x267.jpg"},"medium_large":{"width":768,"height":513,"mime-type":"image\/jpeg","url":"https:\/\/www.siemck.pl\/wp-content\/uploads\/Bohdan-Wantu\u0142a-graj\u0105cy-na-fortepianie-w-Willi-Fitznera-ubrany-w-bia\u0142y-garnitur-oraz-bia\u0142\u0105-koszul\u0119-i-czarn\u0105-much\u0119.-Na-g\u0142owie-ma-bia\u0142y-kapelusz-z-czarn\u0105-lam\u00f3wk\u0105.-768x513.jpg"},"wysija-newsletters-max":{"width":600,"height":401,"mime-type":"image\/jpeg","url":"https:\/\/www.siemck.pl\/wp-content\/uploads\/Bohdan-Wantu\u0142a-graj\u0105cy-na-fortepianie-w-Willi-Fitznera-ubrany-w-bia\u0142y-garnitur-oraz-bia\u0142\u0105-koszul\u0119-i-czarn\u0105-much\u0119.-Na-g\u0142owie-ma-bia\u0142y-kapelusz-z-czarn\u0105-lam\u00f3wk\u0105.-600x401.jpg"},"blog-thumbnail":{"width":400,"height":200,"mime-type":"image\/jpeg","url":"https:\/\/www.siemck.pl\/wp-content\/uploads\/Bohdan-Wantu\u0142a-graj\u0105cy-na-fortepianie-w-Willi-Fitznera-ubrany-w-bia\u0142y-garnitur-oraz-bia\u0142\u0105-koszul\u0119-i-czarn\u0105-much\u0119.-Na-g\u0142owie-ma-bia\u0142y-kapelusz-z-czarn\u0105-lam\u00f3wk\u0105.-400x200.jpg"}}},"all_day":false,"start_date":"2026-01-23 17:00:00","start_date_details":{"year":"2026","month":"01","day":"23","hour":"17","minutes":"00","seconds":"00"},"end_date":"2026-01-23 19:00:00","end_date_details":{"year":"2026","month":"01","day":"23","hour":"19","minutes":"00","seconds":"00"},"utc_start_date":"2026-01-23 16:00:00","utc_start_date_details":{"year":"2026","month":"01","day":"23","hour":"16","minutes":"00","seconds":"00"},"utc_end_date":"2026-01-23 18:00:00","utc_end_date_details":{"year":"2026","month":"01","day":"23","hour":"18","minutes":"00","seconds":"00"},"timezone":"Europe\/Warsaw","timezone_abbr":"CET","cost":"5\u00a0z\u0142 \u2013 10\u00a0z\u0142","cost_details":{"currency_symbol":"","currency_position":"suffix","values":["5","10"]},"website":"","show_map":true,"show_map_link":true,"hide_from_listings":false,"sticky":false,"featured":false,"categories":[{"name":"Imprezy p\u0142atne","slug":"imprezy-platne","term_group":0,"term_taxonomy_id":59,"taxonomy":"tribe_events_cat","description":"","parent":0,"count":2420,"filter":"raw","id":59,"urls":{"self":"https:\/\/www.siemck.pl\/wp-json\/tribe\/events\/v1\/categories\/59","collection":"https:\/\/www.siemck.pl\/wp-json\/tribe\/events\/v1\/categories"}}],"tags":[],"venue":{"id":2240,"author":"1","status":"publish","date":"2017-03-19 16:18:14","date_utc":"2017-03-19 15:18:14","modified":"2017-10-11 22:02:07","modified_utc":"2017-10-11 20:02:07","url":"https:\/\/www.siemck.pl\/miejsce\/sck-willa-fitznera\/","venue":"SCK Willa Fitznera","slug":"sck-willa-fitznera","image":{"url":"https:\/\/www.siemck.pl\/wp-content\/uploads\/wf9-1.jpg","id":7208,"extension":"jpg","width":1000,"height":668,"sizes":{"thumbnail":{"width":150,"height":150,"mime-type":"image\/jpeg","url":"https:\/\/www.siemck.pl\/wp-content\/uploads\/wf9-1-150x150.jpg"},"medium":{"width":400,"height":267,"mime-type":"image\/jpeg","url":"https:\/\/www.siemck.pl\/wp-content\/uploads\/wf9-1-400x267.jpg"},"medium_large":{"width":768,"height":513,"mime-type":"image\/jpeg","url":"https:\/\/www.siemck.pl\/wp-content\/uploads\/wf9-1-768x513.jpg"},"wysija-newsletters-max":{"width":600,"height":401,"mime-type":"image\/jpeg","url":"https:\/\/www.siemck.pl\/wp-content\/uploads\/wf9-1-600x401.jpg"},"blog-thumbnail":{"width":400,"height":200,"mime-type":"image\/jpeg","url":"https:\/\/www.siemck.pl\/wp-content\/uploads\/wf9-1-400x200.jpg"}}},"address":"ul. Fitzner\u00f3w 3","city":"Siemianowice \u015al\u0105skie","zip":"41-100","phone":"(32) 763 2730","json_ld":{"@type":"Place","name":"SCK Willa Fitznera","description":"","image":"https:\/\/www.siemck.pl\/wp-content\/uploads\/wf9-1.jpg","url":"","address":{"@type":"PostalAddress","streetAddress":"ul. Fitzner\u00f3w 3","addressLocality":"Siemianowice \u015al\u0105skie","postalCode":"41-100"},"telephone":"(32) 763 2730","sameAs":""},"show_map":true,"show_map_link":true,"global_id":"www.siemck.pl?id=2240","global_id_lineage":["www.siemck.pl?id=2240"]},"organizer":[{"id":2173,"author":"1","status":"publish","date":"2017-03-18 19:25:46","date_utc":"2017-03-18 18:25:46","modified":"2022-05-09 14:38:26","modified_utc":"2022-05-09 12:38:26","url":"https:\/\/www.siemck.pl\/organizator\/siemianowickie-centrum-kultury\/","organizer":"Siemianowickie Centrum Kultury","slug":"siemianowickie-centrum-kultury","phone":"32 228 72 80","website":"www.siemck.pl","email":"sekretariat@siemck.pl","json_ld":{"@type":"Person","name":"Siemianowickie Centrum Kultury","description":"","url":"","telephone":"32 228 72 80","email":"&#115;ek&#114;et&#97;&#114;&#105;&#97;&#116;&#64;s&#105;&#101;&#109;&#99;k&#46;p&#108;","sameAs":"http:\/\/www.siemck.pl"},"global_id":"www.siemck.pl?id=2173","global_id_lineage":["www.siemck.pl?id=2173"]}],"json_ld":{"@context":"http:\/\/schema.org","@type":"Event","name":"fitzner cafe","description":"&lt;p&gt;\u201eFitzner Cafe\u201d w Willi Fitznera sprawia, \u017ce na pi\u0105tek czeka si\u0119 jeszcze bardziej! Siemianowicki artysta \u2013 Bohdan Wantu\u0142a wprowadza nas swoimi wyst\u0119pami w niewiarygodny \u015bwiat muzycznej wariacji, pomaga si\u0119 zrelaksowa\u0107 i mi\u0142o sp\u0119dzi\u0107 czas po ca\u0142ym tygodniu.&lt;\/p&gt;\\n","image":"https:\/\/www.siemck.pl\/wp-content\/uploads\/Bohdan-Wantu\u0142a-graj\u0105cy-na-fortepianie-w-Willi-Fitznera-ubrany-w-bia\u0142y-garnitur-oraz-bia\u0142\u0105-koszul\u0119-i-czarn\u0105-much\u0119.-Na-g\u0142owie-ma-bia\u0142y-kapelusz-z-czarn\u0105-lam\u00f3wk\u0105..jpg","url":"https:\/\/www.siemck.pl\/wydarzenie\/fitzner-cafe-379\/","startDate":"2026-01-23T17:00:00+01:00","endDate":"2026-01-23T19:00:00+01:00","location":{"@type":"Place","name":"SCK Willa Fitznera","description":"","image":"https:\/\/www.siemck.pl\/wp-content\/uploads\/wf9-1.jpg","url":"","address":{"@type":"PostalAddress","streetAddress":"ul. Fitzner\u00f3w 3","addressLocality":"Siemianowice \u015al\u0105skie","postalCode":"41-100"},"telephone":"(32) 763 2730","sameAs":""},"organizer":{"@type":"Person","name":"Siemianowickie Centrum Kultury","description":"","url":"","telephone":"32 228 72 80","email":"&#115;&#101;k&#114;e&#116;a&#114;i&#97;&#116;&#64;&#115;&#105;e&#109;c&#107;.&#112;&#108;","sameAs":"http:\/\/www.siemck.pl"},"offers":{"@type":"Offer","price":"5 \u2013 10","url":"https:\/\/www.siemck.pl\/wydarzenie\/fitzner-cafe-379\/"}}}