{"id":29787,"global_id":"www.siemck.pl?id=29787","global_id_lineage":["www.siemck.pl?id=29787"],"author":"12","status":"publish","date":"2025-12-12 10:43:02","date_utc":"2025-12-12 09:43:02","modified":"2026-01-14 15:04:38","modified_utc":"2026-01-14 14:04:38","url":"https:\/\/www.siemck.pl\/wydarzenie\/to-my-mamy-spotkania-dla-mlodych-mam-19\/","rest_url":"https:\/\/www.siemck.pl\/wp-json\/tribe\/events\/v1\/events\/29787","title":"To my! Mamy! \u2013 spotkania dla m\u0142odych mam","description":"<p>Kochane Mamy!<\/p>\n<p>Wraz z <strong>O\u015aRODEK EDUKACJI &#8222;PARTNER&#8221;<\/strong>\u00a0ruszamy z cyklem spotka\u0144 specjalnie dla Was! Chcemy stworzy\u0107 przyjazne miejsce, gdzie w mi\u0142ej i przyjaznej atmosferze b\u0119dziemy mog\u0142y podzieli\u0107 si\u0119 sytuacjami oraz do\u015bwiadczeniami zwi\u0105zanymi macierzy\u0144stwem.<\/p>\n<p>Na spotkania zapraszamy z dzie\u0107mi.<\/p>\n<p>Rozmowa przy kawie, spotkania ze specjalistami oraz zabawy dla dzieci, to b\u0119dzie wspania\u0142y czas<\/p>\n<p>Spotkania s\u0105 bezp\u0142atne. Zapisy pod nr tel.: 666\u00a0614\u00a0040<\/p>\n<p>Ilo\u015b\u0107 miejsc ograniczona.<\/p>","excerpt":"","slug":"to-my-mamy-spotkania-dla-mlodych-mam-19","image":{"url":"https:\/\/www.siemck.pl\/wp-content\/uploads\/guillaume-de-germain-fgmLRBlUIpc-unsplash-scaled.jpg","id":27320,"extension":"jpg","width":2560,"height":1709,"sizes":{"medium":{"width":400,"height":267,"mime-type":"image\/jpeg","url":"https:\/\/www.siemck.pl\/wp-content\/uploads\/guillaume-de-germain-fgmLRBlUIpc-unsplash-400x267.jpg"},"large":{"width":2000,"height":1335,"mime-type":"image\/jpeg","url":"https:\/\/www.siemck.pl\/wp-content\/uploads\/guillaume-de-germain-fgmLRBlUIpc-unsplash-2000x1335.jpg"},"thumbnail":{"width":150,"height":150,"mime-type":"image\/jpeg","url":"https:\/\/www.siemck.pl\/wp-content\/uploads\/guillaume-de-germain-fgmLRBlUIpc-unsplash-150x150.jpg"},"medium_large":{"width":768,"height":513,"mime-type":"image\/jpeg","url":"https:\/\/www.siemck.pl\/wp-content\/uploads\/guillaume-de-germain-fgmLRBlUIpc-unsplash-768x513.jpg"},"wysija-newsletters-max":{"width":600,"height":401,"mime-type":"image\/jpeg","url":"https:\/\/www.siemck.pl\/wp-content\/uploads\/guillaume-de-germain-fgmLRBlUIpc-unsplash-600x401.jpg"},"1536x1536":{"width":1536,"height":1025,"mime-type":"image\/jpeg","url":"https:\/\/www.siemck.pl\/wp-content\/uploads\/guillaume-de-germain-fgmLRBlUIpc-unsplash-1536x1025.jpg"},"2048x2048":{"width":2048,"height":1367,"mime-type":"image\/jpeg","url":"https:\/\/www.siemck.pl\/wp-content\/uploads\/guillaume-de-germain-fgmLRBlUIpc-unsplash-2048x1367.jpg"},"blog-thumbnail":{"width":400,"height":200,"mime-type":"image\/jpeg","url":"https:\/\/www.siemck.pl\/wp-content\/uploads\/guillaume-de-germain-fgmLRBlUIpc-unsplash-400x200.jpg"},"menu-24x24":{"width":24,"height":16,"mime-type":"image\/jpeg","url":"https:\/\/www.siemck.pl\/wp-content\/uploads\/guillaume-de-germain-fgmLRBlUIpc-unsplash-24x16.jpg"},"menu-36x36":{"width":36,"height":24,"mime-type":"image\/jpeg","url":"https:\/\/www.siemck.pl\/wp-content\/uploads\/guillaume-de-germain-fgmLRBlUIpc-unsplash-36x24.jpg"},"menu-48x48":{"width":48,"height":32,"mime-type":"image\/jpeg","url":"https:\/\/www.siemck.pl\/wp-content\/uploads\/guillaume-de-germain-fgmLRBlUIpc-unsplash-48x32.jpg"}},"original_image":"guillaume-de-germain-fgmLRBlUIpc-unsplash.jpg"},"all_day":false,"start_date":"2026-02-04 10:00:00","start_date_details":{"year":"2026","month":"02","day":"04","hour":"10","minutes":"00","seconds":"00"},"end_date":"2026-02-04 13:00:00","end_date_details":{"year":"2026","month":"02","day":"04","hour":"13","minutes":"00","seconds":"00"},"utc_start_date":"2026-02-04 09:00:00","utc_start_date_details":{"year":"2026","month":"02","day":"04","hour":"09","minutes":"00","seconds":"00"},"utc_end_date":"2026-02-04 12:00:00","utc_end_date_details":{"year":"2026","month":"02","day":"04","hour":"12","minutes":"00","seconds":"00"},"timezone":"Europe\/Warsaw","timezone_abbr":"CET","cost":"","cost_details":{"currency_symbol":"","currency_position":"suffix","values":[]},"website":"","show_map":true,"show_map_link":true,"hide_from_listings":false,"sticky":false,"featured":false,"categories":[{"name":"Imprezy nieodp\u0142atne","slug":"imprezy-nieodplatne","term_group":0,"term_taxonomy_id":63,"taxonomy":"tribe_events_cat","description":"","parent":0,"count":2903,"filter":"raw","id":63,"urls":{"self":"https:\/\/www.siemck.pl\/wp-json\/tribe\/events\/v1\/categories\/63","collection":"https:\/\/www.siemck.pl\/wp-json\/tribe\/events\/v1\/categories"}},{"name":"Spotkania","slug":"spotkania","term_group":0,"term_taxonomy_id":64,"taxonomy":"tribe_events_cat","description":"","parent":0,"count":1785,"filter":"raw","id":64,"urls":{"self":"https:\/\/www.siemck.pl\/wp-json\/tribe\/events\/v1\/categories\/64","collection":"https:\/\/www.siemck.pl\/wp-json\/tribe\/events\/v1\/categories"}}],"tags":[],"venue":{"id":2236,"author":"1","status":"publish","date":"2017-03-19 16:00:29","date_utc":"2017-03-19 15:00:29","modified":"2017-10-11 22:43:12","modified_utc":"2017-10-11 20:43:12","url":"https:\/\/www.siemck.pl\/miejsce\/sck-park-tradycji\/","venue":"SCK Park Tradycji","slug":"sck-park-tradycji","address":"ul. E. Orzeszkowej 12","city":"Siemianowice \u015al\u0105skie","zip":"41-103","phone":"(32) 765 27 40","json_ld":{"@type":"Place","name":"SCK Park Tradycji","description":"","url":"","address":{"@type":"PostalAddress","streetAddress":"ul. E. Orzeszkowej 12","addressLocality":"Siemianowice \u015al\u0105skie","postalCode":"41-103"},"telephone":"(32) 765 27 40","sameAs":""},"show_map":true,"show_map_link":true,"global_id":"www.siemck.pl?id=2236","global_id_lineage":["www.siemck.pl?id=2236"]},"organizer":[{"id":2173,"author":"1","status":"publish","date":"2017-03-18 19:25:46","date_utc":"2017-03-18 18:25:46","modified":"2022-05-09 14:38:26","modified_utc":"2022-05-09 12:38:26","url":"https:\/\/www.siemck.pl\/organizator\/siemianowickie-centrum-kultury\/","organizer":"Siemianowickie Centrum Kultury","slug":"siemianowickie-centrum-kultury","phone":"32 228 72 80","website":"www.siemck.pl","email":"sekretariat@siemck.pl","json_ld":{"@type":"Person","name":"Siemianowickie Centrum Kultury","description":"","url":"","telephone":"32 228 72 80","email":"se&#107;ret&#97;r&#105;&#97;&#116;&#64;sie&#109;ck.p&#108;","sameAs":"http:\/\/www.siemck.pl"},"global_id":"www.siemck.pl?id=2173","global_id_lineage":["www.siemck.pl?id=2173"]}],"json_ld":{"@context":"http:\/\/schema.org","@type":"Event","name":"To my! Mamy! \u2013 spotkania dla m\u0142odych mam","description":"&lt;p&gt;Kochane Mamy! Wraz z O\u015aRODEK EDUKACJI &quot;PARTNER&quot;\u00a0ruszamy z cyklem spotka\u0144 specjalnie dla Was! Chcemy stworzy\u0107 przyjazne miejsce, gdzie w mi\u0142ej i przyjaznej atmosferze b\u0119dziemy mog\u0142y podzieli\u0107 si\u0119 sytuacjami oraz do\u015bwiadczeniami zwi\u0105zanymi macierzy\u0144stwem. Na spotkania zapraszamy z dzie\u0107mi. Rozmowa przy kawie, spotkania ze specjalistami oraz zabawy dla dzieci, to b\u0119dzie wspania\u0142y czas Spotkania s\u0105 bezp\u0142atne. Zapisy [&hellip;]&lt;\/p&gt;\\n","image":"https:\/\/www.siemck.pl\/wp-content\/uploads\/guillaume-de-germain-fgmLRBlUIpc-unsplash-scaled.jpg","url":"https:\/\/www.siemck.pl\/wydarzenie\/to-my-mamy-spotkania-dla-mlodych-mam-19\/","startDate":"2026-02-04T10:00:00+01:00","endDate":"2026-02-04T13:00:00+01:00","location":{"@type":"Place","name":"SCK Park Tradycji","description":"","url":"","address":{"@type":"PostalAddress","streetAddress":"ul. E. Orzeszkowej 12","addressLocality":"Siemianowice \u015al\u0105skie","postalCode":"41-103"},"telephone":"(32) 765 27 40","sameAs":""},"organizer":{"@type":"Person","name":"Siemianowickie Centrum Kultury","description":"","url":"","telephone":"32 228 72 80","email":"s&#101;&#107;r&#101;t&#97;ria&#116;&#64;s&#105;em&#99;&#107;.&#112;&#108;","sameAs":"http:\/\/www.siemck.pl"}}}