{"id":29574,"global_id":"www.siemck.pl?id=29574","global_id_lineage":["www.siemck.pl?id=29574"],"author":"6","status":"publish","date":"2025-10-22 11:00:45","date_utc":"2025-10-22 09:00:45","modified":"2025-10-22 11:00:45","modified_utc":"2025-10-22 09:00:45","url":"https:\/\/www.siemck.pl\/wydarzenie\/adam-van-bendler-stand-up\/","rest_url":"https:\/\/www.siemck.pl\/wp-json\/tribe\/events\/v1\/events\/29574","title":"Adam Van Bendler- stand-up","description":"<p>Ju\u017c <strong>31 stycznia o godzinie 19.00<\/strong> w SCK- Bytk\u00f3w wyst\u0105pi <strong>Adam Van Bendler ze swoim nowym programem &#8222;Ultimatum&#8221;<\/strong>.<\/p>\n<p>Nowy program Van Bendlera wje\u017cd\u017ca na salony! Szcz\u0119\u015bliwie, jest on dla ludzi, zar\u00f3wno w ka\u017cdym, jak i w \u017cadnym wieku. Bez wzgl\u0119du na p\u0142e\u0107, ras\u0119 czy stan licznika wody. B\u0119dzie to podr\u00f3\u017c przez rw\u0105c\u0105 rzek\u0119 durnoty, leciw\u0105 tratewk\u0105, zbit\u0105 z temat\u00f3w wa\u017cnych i niepowa\u017cnych. W tym przyciasnym, tr\u0105c\u0105cym pawiem i gilem, kapoczku z wikliny, dogl\u0105da\u0107 b\u0119dziemy brzegu, niczym ostatniej puenty na koniec tego zwariowanego show. Klasycznie, poruszymy problemy, od kt\u00f3rych uciec nie spos\u00f3b. Nooo ok, chyba, \u017ce ma si\u0119 immunitet poselski, 50 w bicepsie, 300 w udzie i 400 w ogonie. Wtedy jeste\u015b Tyranozaurem. I wtedy to ty jeste\u015b problemem. No chyba, \u017ce nie jesz mi\u0119sa. Wtedy jeste\u015b &#8222;hooy nie tireks&#8221; &#8211; jak m\u00f3wi\u0105 Treiceratopsy na dzielni. Kogo w og\u00f3le obchodzi zdanie Triceratops\u00f3w? No, nie wa\u017cne. Anyway&#8230; zapraszamy na &#8222;ULTIMATUM&#8221;!<\/p>\n<p>Start 19:00<br \/>\nBramy 18:30<br \/>\nBilety: 90 PLN<\/p>\n<p>Bilety: <a href=\"https:\/\/www.kupbilecik.pl\/imprezy\/180478\/Siemianowice+%C5%9Al%C4%85skie\/Stand-up%3A+Adam+Van+Bendler+Program+%22Ultimatum%22\/\">https:\/\/www.kupbilecik.pl\/imprezy\/180478\/Siemianowice+%C5%9Al%C4%85skie\/Stand-up%3A+Adam+Van+Bendler+Program+%22Ultimatum%22\/<\/a><\/p>","excerpt":"","slug":"adam-van-bendler-stand-up","image":{"url":"https:\/\/www.siemck.pl\/wp-content\/uploads\/Adam-Van-Bendler-Ultimatum.webp","id":29575,"extension":"webp","width":800,"height":600,"sizes":{"medium":{"width":400,"height":300,"mime-type":"image\/webp","url":"https:\/\/www.siemck.pl\/wp-content\/uploads\/Adam-Van-Bendler-Ultimatum-400x300.webp"},"thumbnail":{"width":150,"height":150,"mime-type":"image\/webp","url":"https:\/\/www.siemck.pl\/wp-content\/uploads\/Adam-Van-Bendler-Ultimatum-150x150.webp"},"medium_large":{"width":768,"height":576,"mime-type":"image\/webp","url":"https:\/\/www.siemck.pl\/wp-content\/uploads\/Adam-Van-Bendler-Ultimatum-768x576.webp"},"wysija-newsletters-max":{"width":600,"height":450,"mime-type":"image\/webp","url":"https:\/\/www.siemck.pl\/wp-content\/uploads\/Adam-Van-Bendler-Ultimatum-600x450.webp"},"blog-thumbnail":{"width":400,"height":200,"mime-type":"image\/webp","url":"https:\/\/www.siemck.pl\/wp-content\/uploads\/Adam-Van-Bendler-Ultimatum-400x200.webp"},"menu-24x24":{"width":24,"height":18,"mime-type":"image\/webp","url":"https:\/\/www.siemck.pl\/wp-content\/uploads\/Adam-Van-Bendler-Ultimatum-24x18.webp"},"menu-36x36":{"width":36,"height":27,"mime-type":"image\/webp","url":"https:\/\/www.siemck.pl\/wp-content\/uploads\/Adam-Van-Bendler-Ultimatum-36x27.webp"},"menu-48x48":{"width":48,"height":36,"mime-type":"image\/webp","url":"https:\/\/www.siemck.pl\/wp-content\/uploads\/Adam-Van-Bendler-Ultimatum-48x36.webp"}}},"all_day":false,"start_date":"2026-01-31 19:00:00","start_date_details":{"year":"2026","month":"01","day":"31","hour":"19","minutes":"00","seconds":"00"},"end_date":"2026-01-31 19:00:00","end_date_details":{"year":"2026","month":"01","day":"31","hour":"19","minutes":"00","seconds":"00"},"utc_start_date":"2026-01-31 18:00:00","utc_start_date_details":{"year":"2026","month":"01","day":"31","hour":"18","minutes":"00","seconds":"00"},"utc_end_date":"2026-01-31 18:00:00","utc_end_date_details":{"year":"2026","month":"01","day":"31","hour":"18","minutes":"00","seconds":"00"},"timezone":"Europe\/Warsaw","timezone_abbr":"CET","cost":"","cost_details":{"currency_symbol":"","currency_position":"suffix","values":[]},"website":"","show_map":true,"show_map_link":true,"hide_from_listings":false,"sticky":false,"featured":false,"categories":[{"name":"Imprezy p\u0142atne","slug":"imprezy-platne","term_group":0,"term_taxonomy_id":59,"taxonomy":"tribe_events_cat","description":"","parent":0,"count":2420,"filter":"raw","id":59,"urls":{"self":"https:\/\/www.siemck.pl\/wp-json\/tribe\/events\/v1\/categories\/59","collection":"https:\/\/www.siemck.pl\/wp-json\/tribe\/events\/v1\/categories"}},{"name":"Kabarety","slug":"kabarety","term_group":0,"term_taxonomy_id":87,"taxonomy":"tribe_events_cat","description":"","parent":0,"count":56,"filter":"raw","id":87,"urls":{"self":"https:\/\/www.siemck.pl\/wp-json\/tribe\/events\/v1\/categories\/87","collection":"https:\/\/www.siemck.pl\/wp-json\/tribe\/events\/v1\/categories"}}],"tags":[],"venue":{"id":2172,"author":"1","status":"publish","date":"2017-03-18 19:23:31","date_utc":"2017-03-18 18:23:31","modified":"2017-10-11 22:42:45","modified_utc":"2017-10-11 20:42:45","url":"https:\/\/www.siemck.pl\/miejsce\/sck-bytkow\/","venue":"SCK Bytk\u00f3w","slug":"sck-bytkow","address":"ul. Niepodleg\u0142o\u015bci 45","city":"Siemianowice \u015al\u0105skie","zip":"41-106","phone":"32 228 72 80","json_ld":{"@type":"Place","name":"SCK Bytk\u00f3w","description":"","url":"","address":{"@type":"PostalAddress","streetAddress":"ul. Niepodleg\u0142o\u015bci 45","addressLocality":"Siemianowice \u015al\u0105skie","postalCode":"41-106"},"telephone":"32 228 72 80","sameAs":""},"show_map":true,"show_map_link":true,"global_id":"www.siemck.pl?id=2172","global_id_lineage":["www.siemck.pl?id=2172"]},"organizer":[],"json_ld":{"@context":"http:\/\/schema.org","@type":"Event","name":"Adam Van Bendler- stand-up","description":"&lt;p&gt;Ju\u017c 31 stycznia o godzinie 19.00 w SCK- Bytk\u00f3w wyst\u0105pi Adam Van Bendler ze swoim nowym programem &quot;Ultimatum&quot;. Nowy program Van Bendlera wje\u017cd\u017ca na salony! Szcz\u0119\u015bliwie, jest on dla ludzi, zar\u00f3wno w ka\u017cdym, jak i w \u017cadnym wieku. Bez wzgl\u0119du na p\u0142e\u0107, ras\u0119 czy stan licznika wody. B\u0119dzie to podr\u00f3\u017c przez rw\u0105c\u0105 rzek\u0119 durnoty, leciw\u0105 [&hellip;]&lt;\/p&gt;\\n","image":"https:\/\/www.siemck.pl\/wp-content\/uploads\/Adam-Van-Bendler-Ultimatum.webp","url":"https:\/\/www.siemck.pl\/wydarzenie\/adam-van-bendler-stand-up\/","startDate":"2026-01-31T19:00:00+01:00","endDate":"2026-01-31T19:00:00+01:00","location":{"@type":"Place","name":"SCK Bytk\u00f3w","description":"","url":"","address":{"@type":"PostalAddress","streetAddress":"ul. Niepodleg\u0142o\u015bci 45","addressLocality":"Siemianowice \u015al\u0105skie","postalCode":"41-106"},"telephone":"32 228 72 80","sameAs":""}}}